{"id":831,"date":"2022-05-24T13:19:42","date_gmt":"2022-05-24T11:19:42","guid":{"rendered":"https:\/\/projetcefel.eu\/?p=831"},"modified":"2022-05-24T13:27:27","modified_gmt":"2022-05-24T11:27:27","slug":"un-inrprete-pour-cefel","status":"publish","type":"post","link":"https:\/\/projetcefel.eu\/fr\/un-inrprete-pour-cefel\/","title":{"rendered":"UN INRPR\u00c8TE POUR CEFEL"},"content":{"rendered":"<p class=\"p1\"><b>avis<\/b> <b>publi\u00e9<\/b> <b>pour<\/b> <b>la<\/b> <b>recherche<\/b> <b>d&rsquo;un<\/b> <b>interpr\u00e8te<\/b> <span class=\"s2\"><b>i<\/b><\/span><b>t<\/b><span class=\"s2\"><b>a<\/b><\/span><span class=\"s3\"><b>l<\/b><\/span><span class=\"s2\"><b>ie<\/b><\/span><b>n\/f<\/b><span class=\"s3\"><b>r<\/b><\/span><span class=\"s2\"><b>a<\/b><\/span><b>n\u00e7<\/b><span class=\"s2\"><b>a<\/b><\/span><span class=\"s3\"><b>i<\/b><\/span><b>s<\/b><\/p>\n<p class=\"p2\">Un nouvel avis de s\u00e9lection de CEFEL &#8211; Arch\u00e9ologie Publique a \u00e9t\u00e9 publi\u00e9 au Registre Officiel de l&rsquo;Universit\u00e9 de Palerme. L&rsquo;appel est destin\u00e9 \u00e0 l&rsquo;attribution d&rsquo;une mission de travail intellectuel en tant qu&rsquo;interpr\u00e8te, avec des candidatures \u00e0 envoyer avant le 1er Juin 2022 selon les proc\u00e9dures indiqu\u00e9es dans l&rsquo;avis public, disponible sur le lien: <span class=\"s14\">https:\/\/<a href=\"http:\/\/www.unipa.it\/albo.html\"><span class=\"s15\">www.unipa.it\/albo.html<\/span><\/a><\/span><\/p>\n<p class=\"p5\">Plus pr\u00e9cis\u00e9ment, l&rsquo;activit\u00e9 demand\u00e9e consiste en la traduction de l&rsquo;italien vers le fran\u00e7ais et, si n\u00e9cessaire, du fran\u00e7ais vers l&rsquo;italien pour soutenir toutes les activit\u00e9s d&rsquo;enseignement frontal ou \u00e0 distance dans lesquelles se d\u00e9roule le projet CEFEL &#8211; Arch\u00e9ologie publique, pour une dur\u00e9e globale de 103 heures.<\/p>\n<p class=\"p7\">Cofinanc\u00e9 par l\u2019Union europ\u00e9enne dans le cadre du Programme IEV de Coop\u00e9ration Transfrontali\u00e8re ItalieTunisie 2014-2020, <span class=\"s19\"><b>CEFEL<\/b><\/span> <span class=\"s19\"><b>\u2013<\/b><\/span> <span class=\"s19\"><b>Archeologia<\/b><\/span> <span class=\"s19\"><b>PubblicA:<\/b><\/span> <span class=\"s19\"><b>Communaut\u00e9,<\/b><\/span> <span class=\"s19\"><b>\u00c9ducation,<\/b><\/span> <span class=\"s19\"><b>Formation,<\/b><\/span> <span class=\"s19\"><b>\u00c9conomie<\/b><\/span> <span class=\"s19\"><b>et<\/b><\/span> <span class=\"s19\"><b>Labour<\/b><\/span> favorise une approche syst\u00e9mique pour r\u00e9pondre aux besoins de bonne gestion du patrimoine arch\u00e9ologique, de d\u00e9veloppement de nouveaux professionnels et des opportunit\u00e9s d&#8217;emploi dans le domaine de l&rsquo;arch\u00e9ologie publique pour les jeunes italiens et <span class=\"s2\">tunisiens.<\/span><\/p>\n<p class=\"p8\">Promu et coordonn\u00e9 par Empedocle Consorzio Universitario di Agrigento, les partenaires de CEFEL sont le Parco Archeologico e Paesaggistico della Valle dei Templi di Agrigento, le Polo territoriale universitario della Provincia di Agrigento-Universit\u00e0 di Palermo, l&rsquo;Institut National du Patrimoine de Tunisie, le Agence de Mise en Valeur du Patrimoine et de Promotion Culturelle de Tunisie et l&rsquo;Institut Sup\u00e9rieur des M\u00e9tiers du Patrimoine de Tunisie.<\/p>\n<p class=\"p5\">Per aggiornamenti, consultare gli account social <a href=\"https:\/\/www.facebook.com\/projetCEFEL\"><span class=\"s3\">Facebook<\/span><\/a>, <a href=\"https:\/\/www.instagram.com\/projet.cefel\/\"><span class=\"s3\">Instagram<\/span><\/a>, <a href=\"https:\/\/www.linkedin.com\/company\/cefel-arch%25C3%25A9ologie-publique\"><span class=\"s3\">LinkedIn<\/span><\/a> e <a href=\"https:\/\/www.youtube.com\/channel\/UC5N5rzHUv8tfNSobDE0Vs-Q\"><span class=\"s3\">YouTube<\/span><\/a>.<\/p>\n<h6>Progetto cofinanziato dall\u2019Unione Europea Il presente documento \u00e8 stato realizzato grazie all&rsquo;aiuto finanziario dell&rsquo;Unione europea nell&rsquo;ambito del Programma ENI CT Italia \u2013 Tunisia 2014- 2020. Il contenuto del presente documento \u00e8 di esclusiva responsabilit\u00e0 del progetto CEFEL \u2013 Archeologia Pubblica e non pu\u00f2 in nessun caso essere considerato come riflesso della posizione dell&rsquo;Unione europea o della posizione delle strutture di gestione del Programma<\/h6>\n","protected":false},"excerpt":{"rendered":"<p>Un nouvel avis de s\u00e9lection de CEFEL &#8211; Arch\u00e9ologie Publique a \u00e9t\u00e9 publi\u00e9 au Registre Officiel de l&rsquo;Universit\u00e9 de Palerme. L&rsquo;appel est destin\u00e9 \u00e0 l&rsquo;attribution d&rsquo;une mission de travail intellectuel en tant qu&rsquo;interpr\u00e8te, avec des candidatures \u00e0 envoyer avant<\/p>\n","protected":false},"author":1,"featured_media":0,"comment_status":"closed","ping_status":"closed","sticky":false,"template":"","format":"standard","meta":{"inline_featured_image":false},"categories":[10],"tags":[],"_links":{"self":[{"href":"https:\/\/projetcefel.eu\/fr\/wp-json\/wp\/v2\/posts\/831"}],"collection":[{"href":"https:\/\/projetcefel.eu\/fr\/wp-json\/wp\/v2\/posts"}],"about":[{"href":"https:\/\/projetcefel.eu\/fr\/wp-json\/wp\/v2\/types\/post"}],"author":[{"embeddable":true,"href":"https:\/\/projetcefel.eu\/fr\/wp-json\/wp\/v2\/users\/1"}],"replies":[{"embeddable":true,"href":"https:\/\/projetcefel.eu\/fr\/wp-json\/wp\/v2\/comments?post=831"}],"version-history":[{"count":2,"href":"https:\/\/projetcefel.eu\/fr\/wp-json\/wp\/v2\/posts\/831\/revisions"}],"predecessor-version":[{"id":835,"href":"https:\/\/projetcefel.eu\/fr\/wp-json\/wp\/v2\/posts\/831\/revisions\/835"}],"wp:attachment":[{"href":"https:\/\/projetcefel.eu\/fr\/wp-json\/wp\/v2\/media?parent=831"}],"wp:term":[{"taxonomy":"category","embeddable":true,"href":"https:\/\/projetcefel.eu\/fr\/wp-json\/wp\/v2\/categories?post=831"},{"taxonomy":"post_tag","embeddable":true,"href":"https:\/\/projetcefel.eu\/fr\/wp-json\/wp\/v2\/tags?post=831"}],"curies":[{"name":"wp","href":"https:\/\/api.w.org\/{rel}","templated":true}]}}