{"id":582,"date":"2022-05-10T13:12:44","date_gmt":"2022-05-10T11:12:44","guid":{"rendered":"https:\/\/projetcefel.eu\/?p=582"},"modified":"2022-05-12T12:38:22","modified_gmt":"2022-05-12T10:38:22","slug":"avis-des-formations-cefel","status":"publish","type":"post","link":"https:\/\/projetcefel.eu\/fr\/avis-des-formations-cefel\/","title":{"rendered":"AVIS DES FORMATIONS CEFEL"},"content":{"rendered":"<p class=\"p1\"><b>encore<\/b><b> <\/b><b>7<\/b><b> <\/b><b>places<\/b><b> <\/b><b>pour<\/b><b> <\/b><b>la<\/b><b> <\/b><b>formation<\/b><b> <\/b><b>professionnelle<\/b><b> <\/b><b>sup\u00e9rieure <\/b><b>dans<\/b><b> <\/b><b>les<\/b><b> <\/b><b>th\u00e9mes<\/b><b> <\/b><b>de<\/b><b> <\/b><b>l&rsquo;Arch\u00e9ologie<\/b><b> <\/b><b>Publique<\/b><\/p>\n<p class=\"p4\"><span class=\"s4\"><b>CEFEL<\/b><\/span><b> <\/b><span class=\"s4\"><b>&#8211;<\/b><\/span><b> <\/b><span class=\"s4\"><b>Arch\u00e9ologie<\/b><\/span><b> <\/b><span class=\"s4\"><b>publique<\/b><\/span><b> <\/b>s\u00e9lectionne 7 \u00e9tudiants italiens, dipl\u00f4m\u00e9s ou dipl\u00f4m\u00e9s, pour les 3 cours de formations \u00e0 la connaissance, \u00e0 la gestion et \u00e0 la valorisation du patrimoine arch\u00e9ologique d\u00e9butant \u00e0 la fin du mois. Les nouveaux \u00e9tudiants rejoindront les autres d\u00e9j\u00e0 identifi\u00e9s, unis dans un parcours de d\u00e9veloppement de nouveaux professionnels capables d&rsquo;intercepter et de r\u00e9pondre \u00e0 la demande de services et de produits pour la participation des communaut\u00e9s au patrimoine arch\u00e9ologique.L&rsquo;avis est disponible sur le site Web de l&rsquo;Universit\u00e9 de Palerme &#8211; Registre officiel de l&rsquo;universit\u00e9 au lien <span class=\"s12\">https:\/\/<a href=\"http:\/\/www.unipa.it\/albo.html\"><span class=\"s13\">www.unipa.it\/albo.html<\/span><\/a><\/span><\/p>\n<p class=\"p5\">La date limite de d\u00e9p\u00f4t des candidatures est fix\u00e9e au 5 avril 2022.<\/p>\n<p class=\"p7\">Cofinanc\u00e9 par l\u2019Union europ\u00e9enne dans le cadre du Programme IEV de Coop\u00e9ration Transfrontali\u00e8re ItalieTunisie 2014-2020, <span class=\"s4\"><b>CEFEL<\/b><\/span><b> <\/b><span class=\"s4\"><b>\u2013<\/b><\/span><b> <\/b><span class=\"s4\"><b>Archeologia<\/b><\/span><b> <\/b><span class=\"s4\"><b>PubblicA:<\/b><\/span><b> <\/b><span class=\"s4\"><b>Communaut\u00e9,<\/b><\/span><b> <\/b><span class=\"s4\"><b>\u00c9ducation,<\/b><\/span><b> <\/b><span class=\"s4\"><b>Formation,<\/b><\/span><b> <\/b><span class=\"s4\"><b>\u00c9conomie<\/b><\/span><b> <\/b><span class=\"s4\"><b>et<\/b><\/span><b> <\/b><span class=\"s4\"><b>Labour<\/b><\/span><b> <\/b>favorise une approche syst\u00e9mique pour r\u00e9pondre aux besoins de bonne gestion du patrimoine arch\u00e9ologique, de d\u00e9veloppement de nouveaux professionnels et des opportunit\u00e9s d&#8217;emploi dans le domaine de l&rsquo;arch\u00e9ologie publique pour les jeunes italiens et <span class=\"s9\">tunisiens.<\/span><\/p>\n<p class=\"p9\">Promu et coordonn\u00e9 par Empedocle Consorzio Universitario di Agrigento, les partenaires de CEFEL sont le Parco Archeologico e Paesaggistico della Valle dei Templi di Agrigento, le Polo territoriale universitario della Provincia di Agrigento-Universit\u00e0 di Palermo, l&rsquo;Institut National du Patrimoine de Tunisie, le Agence de Mise en Valeur du Patrimoine et de Promotion Culturelle de Tunisie et l&rsquo;Institut Sup\u00e9rieur des M\u00e9tiers du Patrimoine de Tunisie.<\/p>\n<p class=\"p1\">Pour les mises \u00e0 jour, consultez les canaux sociaux du projet CEFEL <a href=\"https:\/\/www.facebook.com\/projetCEFEL\"><span class=\"s3\">Facebook<\/span><\/a>, <a href=\"https:\/\/www.instagram.com\/projet.cefel\/\"><span class=\"s3\">Instagram<\/span><\/a>, <a href=\"https:\/\/www.linkedin.com\/company\/cefel-arch%25C3%25A9ologie-publique\"><span class=\"s3\">LinkedIn<\/span><\/a> e <a href=\"https:\/\/www.youtube.com\/channel\/UC5N5rzHUv8tfNSobDE0Vs-Q\"><span class=\"s3\">YouTube<\/span><\/a>. ou soumettre l\u2019inscription \u00e0 la <a href=\"http:\/\/eepurl.com\/hRuhGr\"><span class=\"s4\">newsletter<\/span><\/a>.<\/p>\n<h6>Projet cofinanc\u00e9 par l\u2019Union europ\u00e9enne. Le document a \u00e9t\u00e9 r\u00e9alis\u00e9 avec l&rsquo;aide financi\u00e8re de l&rsquo;Union europ\u00e9enne dans le cadre du Programme IEV CT Italie \u2013 Tunisie 2014-2020. Le contenu de ce document rel\u00e8ve de la seule responsabilit\u00e9 de et ne peut en aucun cas \u00eatre consid\u00e9r\u00e9 comme refl\u00e9tant la position de l&rsquo;Union europ\u00e9enne ou celle des structures de gestion du Programme.<\/h6>\n","protected":false},"excerpt":{"rendered":"<p>CEFEL &#8211; Arch\u00e9ologie publique s\u00e9lectionne 7 \u00e9tudiants italiens, dipl\u00f4m\u00e9s ou dipl\u00f4m\u00e9s, pour les 3 cours de formations \u00e0 la connaissance, \u00e0 la gestion et \u00e0 la valorisation du patrimoine arch\u00e9ologique d\u00e9butant \u00e0 la fin du mois.<\/p>\n","protected":false},"author":1,"featured_media":0,"comment_status":"closed","ping_status":"closed","sticky":false,"template":"","format":"standard","meta":{"inline_featured_image":false},"categories":[10],"tags":[],"_links":{"self":[{"href":"https:\/\/projetcefel.eu\/fr\/wp-json\/wp\/v2\/posts\/582"}],"collection":[{"href":"https:\/\/projetcefel.eu\/fr\/wp-json\/wp\/v2\/posts"}],"about":[{"href":"https:\/\/projetcefel.eu\/fr\/wp-json\/wp\/v2\/types\/post"}],"author":[{"embeddable":true,"href":"https:\/\/projetcefel.eu\/fr\/wp-json\/wp\/v2\/users\/1"}],"replies":[{"embeddable":true,"href":"https:\/\/projetcefel.eu\/fr\/wp-json\/wp\/v2\/comments?post=582"}],"version-history":[{"count":2,"href":"https:\/\/projetcefel.eu\/fr\/wp-json\/wp\/v2\/posts\/582\/revisions"}],"predecessor-version":[{"id":586,"href":"https:\/\/projetcefel.eu\/fr\/wp-json\/wp\/v2\/posts\/582\/revisions\/586"}],"wp:attachment":[{"href":"https:\/\/projetcefel.eu\/fr\/wp-json\/wp\/v2\/media?parent=582"}],"wp:term":[{"taxonomy":"category","embeddable":true,"href":"https:\/\/projetcefel.eu\/fr\/wp-json\/wp\/v2\/categories?post=582"},{"taxonomy":"post_tag","embeddable":true,"href":"https:\/\/projetcefel.eu\/fr\/wp-json\/wp\/v2\/tags?post=582"}],"curies":[{"name":"wp","href":"https:\/\/api.w.org\/{rel}","templated":true}]}}