{"id":580,"date":"2022-05-10T13:17:28","date_gmt":"2022-05-10T11:17:28","guid":{"rendered":"https:\/\/projetcefel.eu\/?p=580"},"modified":"2022-05-12T12:38:16","modified_gmt":"2022-05-12T10:38:16","slug":"cefel-recherche-des-professeurs","status":"publish","type":"post","link":"https:\/\/projetcefel.eu\/fr\/cefel-recherche-des-professeurs\/","title":{"rendered":"CEFEL RECHERCHE DES PROFESSEURS"},"content":{"rendered":"<p class=\"p1\"><b>appel \u00e0 candidatures pour 14 postes<\/b><\/p>\n<p class=\"p2\">Un nouvel avis de s\u00e9lection de <span class=\"s2\"><b>CEFEL &#8211; Arch\u00e9ologie Publique<\/b><\/span>, un projet de coop\u00e9ration Italie\/Tunisie pour la valorisation du patrimoine arch\u00e9ologique par le d\u00e9veloppement de nouveaux professionnels et de synergies, a \u00e9t\u00e9 publi\u00e9 au Registre Officiel de l&rsquo;Universit\u00e9 de Palerme.<\/p>\n<p class=\"p3\">L&rsquo;appel est destin\u00e9 \u00e0 l&rsquo;attribution de quatorze missions de travail intellectuel pour l&rsquo;enseignement, les candidatures devant \u00eatre envoy\u00e9es avant le 1er avril 2022 selon les modalit\u00e9s indiqu\u00e9es dans l&rsquo;avis public, disponible sur le link: <span class=\"s7\">https:\/\/<a href=\"http:\/\/www.unipa.it\/albo.html\"><span class=\"s8\">www.unipa.it\/albo.html<\/span><\/a><\/span><\/p>\n<p class=\"p5\">Avec cet avis, <span class=\"s2\"><b>CEFEL<\/b><\/span><b> <\/b><span class=\"s2\"><b>&#8211;<\/b><\/span><b> <\/b><span class=\"s2\"><b>Arch\u00e9ologie<\/b><\/span><b> <\/b><span class=\"s2\"><b>Publique<\/b><\/span><b> <\/b>entend s\u00e9lectionner des Professeurs pour:<\/p>\n<ol class=\"ol1\">\n<li class=\"li7\">Arch\u00e9ologie publique, 2 heures, module Arch\u00e9ologie publique et communication;<\/li>\n<li class=\"li8\">Arch\u00e9ologie publique, 2 heures, module Parcs, Mus\u00e9es et arch\u00e9ologie publique (\u00e9tudes de cas). Le Parc Arch\u00e9ologique d&rsquo;Ostie;<\/li>\n<li class=\"li9\">Parcs et sites arch\u00e9ologiques de Sicile et de Tunisie, 2 heures, module Le site d&rsquo;EracleaMinoa;<\/li>\n<li class=\"li9\">Paysage et patrimoine naturel, 2 heures, module Le paysage du Parc arch\u00e9ologique etpaysager d&rsquo;Agrigente;<\/li>\n<\/ol>\n<ol class=\"ol1\">\n<li class=\"li12\">\u00c9conomie et gestion des BBCC, 3 heures, module L&rsquo;application des principes \u00e9conomiques \u00e0 la gestion du patrimoine culturel;<\/li>\n<li class=\"li13\">Communication des BBCC, 2 heures, module Nouvelles fronti\u00e8res dans la communication du patrimoine culturel: narration num\u00e9rique et arch\u00e9ologie publique;<\/li>\n<li class=\"li13\">Arch\u00e9ologie grecque, punique et romaine, 7 heures, module L\u2019arch\u00e9ologie punique;<\/li>\n<li class=\"li8\">Paysage, patrimoine naturel et arch\u00e9ologie des paysages, 1 heure, module Paysages c\u00f4tiers: m\u00e9thodologies d&rsquo;\u00e9tude pour l&rsquo;analyse de l&rsquo;\u00e9volution morphologique;<\/li>\n<li class=\"li14\">Paysage, patrimoine naturel et arch\u00e9ologie du paysage, 1 heure, module Paysages c\u00f4tiers: l&rsquo;\u00e9rosion de la bande littorale;<\/li>\n<li class=\"li15\">Patrimoine ethno-anthropologique et savoirs traditionnels, 1 heure, module Productions c\u00e9ramiques traditionnelles;<\/li>\n<li class=\"li13\">Techniques informatiques appliqu\u00e9es aux BBCC et \u00e0 l&rsquo;arch\u00e9ologie, 2 heures, module Techniques non invasives appliqu\u00e9es aux BBCC;<\/li>\n<\/ol>\n<p class=\"p16\">12. Productions et types de c\u00e9ramiques, 3 heures, module C\u00e9ramiques africaines de l&rsquo;\u00e9poque romaine: amphores et scell\u00e9es;<\/p>\n<ol class=\"ol1\">\n<li class=\"li8\">Productions et types de c\u00e9ramiques, 2 heures, module Les amphores grecques;<\/li>\n<li class=\"li12\">Technologies, enqu\u00eate, documentation graphique et photographique, 2 heures, module De l&rsquo;enqu\u00eate directe aux technologies actuelles.<\/li>\n<\/ol>\n<p class=\"p19\">Cofinanc\u00e9 par l\u2019Union europ\u00e9enne dans le cadre du Programme IEV de Coop\u00e9ration Transfrontali\u00e8re ItalieTunisie 2014-2020, <span class=\"s2\"><b>CEFEL<\/b><\/span><b> <\/b><span class=\"s2\"><b>\u2013<\/b><\/span><b> <\/b><span class=\"s2\"><b>Archeologia<\/b><\/span><b> <\/b><span class=\"s2\"><b>PubblicA:<\/b><\/span><b> <\/b><span class=\"s2\"><b>Communaut\u00e9,<\/b><\/span><b> <\/b><span class=\"s2\"><b>\u00c9ducation,<\/b><\/span><b> <\/b><span class=\"s2\"><b>Formation,<\/b><\/span><b> <\/b><span class=\"s2\"><b>\u00c9conomie<\/b><\/span><b> <\/b><span class=\"s2\"><b>et<\/b><\/span><b> <\/b><span class=\"s2\"><b>Labour<\/b><\/span><b> <\/b>favorise une approche syst\u00e9mique pour r\u00e9pondre aux besoins de bonne gestion du patrimoine arch\u00e9ologique, de d\u00e9veloppement de nouveaux professionnels et des opportunit\u00e9s d&#8217;emploi dans le domaine de l&rsquo;arch\u00e9ologie publique pour les jeunes italiens et <span class=\"s11\">tunisiens.<\/span><\/p>\n<p class=\"p2\">Promu et coordonn\u00e9 par Empedocle Consorzio Universitario di Agrigento, les partenaires de CEFEL sont le Parco Archeologico e Paesaggistico della Valle dei Templi di Agrigento, le Polo territoriale universitario della Provincia di Agrigento-Universit\u00e0 di Palermo, l&rsquo;Institut National du Patrimoine de Tunisie, le Agence de Mise en Valeur du Patrimoine et de Promotion Culturelle de Tunisie et l&rsquo;Institut Sup\u00e9rieur des M\u00e9tiers du Patrimoine de Tunisie.<\/p>\n<p class=\"p1\">Pour les mises \u00e0 jour, consultez les canaux sociaux du projet CEFEL <a href=\"https:\/\/www.facebook.com\/projetCEFEL\"><span class=\"s3\">Facebook<\/span><\/a>, <a href=\"https:\/\/www.instagram.com\/projet.cefel\/\"><span class=\"s3\">Instagram<\/span><\/a>, <a href=\"https:\/\/www.linkedin.com\/company\/cefel-arch%25C3%25A9ologie-publique\"><span class=\"s3\">LinkedIn<\/span><\/a> e <a href=\"https:\/\/www.youtube.com\/channel\/UC5N5rzHUv8tfNSobDE0Vs-Q\"><span class=\"s3\">YouTube<\/span><\/a>. ou soumettre l\u2019inscription \u00e0 la <a href=\"http:\/\/eepurl.com\/hRuhGr\"><span class=\"s4\">newsletter<\/span><\/a>.<\/p>\n<h6>Projet cofinanc\u00e9 par l\u2019Union europ\u00e9enne. Le document a \u00e9t\u00e9 r\u00e9alis\u00e9 avec l&rsquo;aide financi\u00e8re de l&rsquo;Union europ\u00e9enne dans le cadre du Programme IEV CT Italie \u2013 Tunisie 2014-2020. Le contenu de ce document rel\u00e8ve de la seule responsabilit\u00e9 de et ne peut en aucun cas \u00eatre consid\u00e9r\u00e9 comme refl\u00e9tant la position de l&rsquo;Union europ\u00e9enne ou celle des structures de gestion du Programme.<\/h6>\n","protected":false},"excerpt":{"rendered":"<p>Un nouvel avis de s\u00e9lection de CEFEL &#8211; Arch\u00e9ologie Publique, un projet de coop\u00e9ration Italie\/Tunisie pour la valorisation du patrimoine arch\u00e9ologique par le d\u00e9veloppement de nouveaux professionnels et de synergies, a \u00e9t\u00e9 publi\u00e9 au Registre Officiel de l&rsquo;Universit\u00e9 de Palerme.<\/p>\n","protected":false},"author":1,"featured_media":0,"comment_status":"closed","ping_status":"closed","sticky":false,"template":"","format":"standard","meta":{"inline_featured_image":false},"categories":[10],"tags":[],"_links":{"self":[{"href":"https:\/\/projetcefel.eu\/fr\/wp-json\/wp\/v2\/posts\/580"}],"collection":[{"href":"https:\/\/projetcefel.eu\/fr\/wp-json\/wp\/v2\/posts"}],"about":[{"href":"https:\/\/projetcefel.eu\/fr\/wp-json\/wp\/v2\/types\/post"}],"author":[{"embeddable":true,"href":"https:\/\/projetcefel.eu\/fr\/wp-json\/wp\/v2\/users\/1"}],"replies":[{"embeddable":true,"href":"https:\/\/projetcefel.eu\/fr\/wp-json\/wp\/v2\/comments?post=580"}],"version-history":[{"count":2,"href":"https:\/\/projetcefel.eu\/fr\/wp-json\/wp\/v2\/posts\/580\/revisions"}],"predecessor-version":[{"id":584,"href":"https:\/\/projetcefel.eu\/fr\/wp-json\/wp\/v2\/posts\/580\/revisions\/584"}],"wp:attachment":[{"href":"https:\/\/projetcefel.eu\/fr\/wp-json\/wp\/v2\/media?parent=580"}],"wp:term":[{"taxonomy":"category","embeddable":true,"href":"https:\/\/projetcefel.eu\/fr\/wp-json\/wp\/v2\/categories?post=580"},{"taxonomy":"post_tag","embeddable":true,"href":"https:\/\/projetcefel.eu\/fr\/wp-json\/wp\/v2\/tags?post=580"}],"curies":[{"name":"wp","href":"https:\/\/api.w.org\/{rel}","templated":true}]}}