{"id":576,"date":"2022-04-04T14:02:46","date_gmt":"2022-04-04T12:02:46","guid":{"rendered":"https:\/\/projetcefel.eu\/?p=576"},"modified":"2022-05-12T12:39:52","modified_gmt":"2022-05-12T10:39:52","slug":"travailler-avec-cefel","status":"publish","type":"post","link":"https:\/\/projetcefel.eu\/fr\/travailler-avec-cefel\/","title":{"rendered":"TRAVAILLER AVEC CEFEL"},"content":{"rendered":"<p class=\"p1\"><b>Renouvel\u00e9s<\/b><b> <\/b><b>pour<\/b><b> <\/b><b>15<\/b><b> <\/b><b>jours<\/b><b> <\/b><b>deux<\/b><b> <\/b><b>avis<\/b><b> <\/b><b>publiques<\/b><\/p>\n<p class=\"p2\">Deux appels de s\u00e9lection de <span class=\"s4\"><b>CEFEL<\/b><\/span><b> <\/b><span class=\"s4\"><b>\u2013<\/b><\/span><b> <\/b><span class=\"s4\"><b>Arch\u00e9ologie<\/b><\/span><b> <\/b><span class=\"s4\"><b>Publique<\/b><\/span><b> <\/b>ont \u00e9t\u00e9 renouvel\u00e9s pour 15 jours suppl\u00e9mentaires. Les deux figures professionnelles int\u00e9greront l&rsquo;\u00e9quipe d\u00e9di\u00e9e au projet de coop\u00e9ration Italie \/ Tunisie pour la valorisation du patrimoine arch\u00e9ologique par le d\u00e9veloppement de nouveaux professionnels et de synergies. Deux profils \u00e0 s\u00e9lectionner (<span class=\"s7\">https:\/\/<a href=\"http:\/\/www.unipa.it\/albo.html)\"><span class=\"s8\">www.unipa.it\/albo.html<\/span><span class=\"s9\">)<\/span><\/a><\/span><\/p>\n<ul class=\"ul1\">\n<li class=\"li4\">un expert du suivi financier, physique et proc\u00e9dural du projet<\/li>\n<li class=\"li5\">un expert pour la cr\u00e9ation d&rsquo;une base de donn\u00e9es sur les m\u00e9tiers de l&rsquo;arch\u00e9ologie publique Pour les deux, la date limite d&rsquo;envoi des candidatures est le 1er avril 2022.<\/li>\n<\/ul>\n<p class=\"p6\">Cofinanc\u00e9 par l\u2019Union europ\u00e9enne dans le cadre du Programme IEV de Coop\u00e9ration Transfrontali\u00e8re ItalieTunisie 2014-2020, <span class=\"s4\"><b>CEFEL<\/b><\/span><b> <\/b><span class=\"s4\"><b>\u2013<\/b><\/span><b> <\/b><span class=\"s4\"><b>Archeologia<\/b><\/span><b> <\/b><span class=\"s4\"><b>PubblicA:<\/b><\/span><b> <\/b><span class=\"s4\"><b>Communaut\u00e9,<\/b><\/span><b> <\/b><span class=\"s4\"><b>\u00c9ducation,<\/b><\/span><b> <\/b><span class=\"s4\"><b>Formation,<\/b><\/span><b> <\/b><span class=\"s4\"><b>\u00c9conomie<\/b><\/span><b> <\/b><span class=\"s4\"><b>et<\/b><\/span><b> <\/b><span class=\"s4\"><b>Labour<\/b><\/span><b> <\/b>favorise une approche syst\u00e9mique pour r\u00e9pondre aux besoins de bonne gestion du patrimoine arch\u00e9ologique, de d\u00e9veloppement de nouveaux professionnels et des opportunit\u00e9s d&#8217;emploi dans le domaine de l&rsquo;arch\u00e9ologie publique pour les jeunes italiens et <span class=\"s17\">tunisiens.<\/span><\/p>\n<p class=\"p8\">Promu et coordonn\u00e9 par Empedocle Consorzio Universitario di Agrigento, les partenaires de CEFEL sont le Parco Archeologico e Paesaggistico della Valle dei Templi di Agrigento, le Polo territoriale universitario della Provincia di Agrigento-Universit\u00e0 di Palermo, l&rsquo;Institut National du Patrimoine de Tunisie, le Agence de Mise en Valeur du Patrimoine et de Promotion Culturelle de Tunisie et l&rsquo;Institut Sup\u00e9rieur des M\u00e9tiers du Patrimoine de Tunisie.<\/p>\n<p class=\"p1\">Pour les mises \u00e0 jour, consultez les canaux sociaux du projet CEFEL <a href=\"https:\/\/www.facebook.com\/projetCEFEL\"><span class=\"s3\">Facebook<\/span><\/a>, <a href=\"https:\/\/www.instagram.com\/projet.cefel\/\"><span class=\"s3\">Instagram<\/span><\/a>, <a href=\"https:\/\/www.linkedin.com\/company\/cefel-arch%25C3%25A9ologie-publique\"><span class=\"s3\">LinkedIn<\/span><\/a> e <a href=\"https:\/\/www.youtube.com\/channel\/UC5N5rzHUv8tfNSobDE0Vs-Q\"><span class=\"s3\">YouTube<\/span><\/a>. ou soumettre l\u2019inscription \u00e0 la <a href=\"http:\/\/eepurl.com\/hRuhGr\"><span class=\"s4\">newsletter<\/span><\/a>.<\/p>\n<h6>Projet cofinanc\u00e9 par l\u2019Union europ\u00e9enne. Le document a \u00e9t\u00e9 r\u00e9alis\u00e9 avec l&rsquo;aide financi\u00e8re de l&rsquo;Union europ\u00e9enne dans le cadre du Programme IEV CT Italie \u2013 Tunisie 2014-2020. Le contenu de ce document rel\u00e8ve de la seule responsabilit\u00e9 de et ne peut en aucun cas \u00eatre consid\u00e9r\u00e9 comme refl\u00e9tant la position de l&rsquo;Union europ\u00e9enne ou celle des structures de gestion du Programme.<\/h6>\n","protected":false},"excerpt":{"rendered":"<p>Renouvel\u00e9s pour 15 jours deux avis publiques. Deux appels de s\u00e9lection de CEFEL \u2013 Arch\u00e9ologie Publique ont \u00e9t\u00e9 renouvel\u00e9s pour 15 jours suppl\u00e9mentaires.<\/p>\n","protected":false},"author":1,"featured_media":0,"comment_status":"closed","ping_status":"closed","sticky":false,"template":"","format":"standard","meta":{"inline_featured_image":false},"categories":[10],"tags":[],"_links":{"self":[{"href":"https:\/\/projetcefel.eu\/fr\/wp-json\/wp\/v2\/posts\/576"}],"collection":[{"href":"https:\/\/projetcefel.eu\/fr\/wp-json\/wp\/v2\/posts"}],"about":[{"href":"https:\/\/projetcefel.eu\/fr\/wp-json\/wp\/v2\/types\/post"}],"author":[{"embeddable":true,"href":"https:\/\/projetcefel.eu\/fr\/wp-json\/wp\/v2\/users\/1"}],"replies":[{"embeddable":true,"href":"https:\/\/projetcefel.eu\/fr\/wp-json\/wp\/v2\/comments?post=576"}],"version-history":[{"count":3,"href":"https:\/\/projetcefel.eu\/fr\/wp-json\/wp\/v2\/posts\/576\/revisions"}],"predecessor-version":[{"id":715,"href":"https:\/\/projetcefel.eu\/fr\/wp-json\/wp\/v2\/posts\/576\/revisions\/715"}],"wp:attachment":[{"href":"https:\/\/projetcefel.eu\/fr\/wp-json\/wp\/v2\/media?parent=576"}],"wp:term":[{"taxonomy":"category","embeddable":true,"href":"https:\/\/projetcefel.eu\/fr\/wp-json\/wp\/v2\/categories?post=576"},{"taxonomy":"post_tag","embeddable":true,"href":"https:\/\/projetcefel.eu\/fr\/wp-json\/wp\/v2\/tags?post=576"}],"curies":[{"name":"wp","href":"https:\/\/api.w.org\/{rel}","templated":true}]}}