{"id":572,"date":"2022-05-10T12:58:43","date_gmt":"2022-05-10T10:58:43","guid":{"rendered":"https:\/\/projetcefel.eu\/?p=572"},"modified":"2022-05-12T12:38:05","modified_gmt":"2022-05-12T10:38:05","slug":"travailler-avec-cefel-nouvelles-opportuntes","status":"publish","type":"post","link":"https:\/\/projetcefel.eu\/fr\/travailler-avec-cefel-nouvelles-opportuntes\/","title":{"rendered":"TRAVAILLER AVEC CEFEL: NOUVELLES OPPORTUNT\u00c9S"},"content":{"rendered":"<p class=\"p1\">Publi\u00e9s au Registre Officiel de l&rsquo;Universit\u00e9 de Palerme les nouveaux appels de <span class=\"s1\"><b>CEFEL \u2013 Arch\u00e9ologie <\/b><\/span><span class=\"s1\"><b>Publique<\/b><\/span>, un projet de coop\u00e9ration Italie \/ Tunisie pour la valorisation du patrimoine arch\u00e9ologique par le d\u00e9veloppement de nouveaux professionnels et de synergies. Cinq profils \u00e0 s\u00e9lectionner, avec des candidatures \u00e0 envoyer avant le 9 f\u00e9vrier 2022 selon les modalit\u00e9s indiqu\u00e9es dans les avis publics respectifs (<span class=\"s3\">https:\/\/<a href=\"http:\/\/www.unipa.it\/albo.html)\"><span class=\"s4\">www.unipa.it\/albo.html<\/span><span class=\"s5\">)<\/span><\/a><\/span><\/p>\n<ul class=\"ul1\">\n<li class=\"li5\">un tuteur de classe<\/li>\n<li class=\"li6\">un interpr\u00e8te fran\u00e7ais\/italien<\/li>\n<li class=\"li7\">un expert du suivi financier, physique et proc\u00e9dural du projet<\/li>\n<li class=\"li6\">un expert pour la cr\u00e9ation d&rsquo;une base de donn\u00e9es sur les m\u00e9tiers de l&rsquo;arch\u00e9ologie publique<\/li>\n<li class=\"li7\">un expert pour l&rsquo;analyse et la d\u00e9finition des r\u00e9sultats du projet<\/li>\n<\/ul>\n<p class=\"p9\">Financ\u00e9 dans le cadre du Programme de coop\u00e9ration transfrontali\u00e8re ENI Italie-Tunisie 2014-2020, <span class=\"s1\"><b>CEFEL<\/b><\/span><b> <\/b><span class=\"s1\"><b>\u2013<\/b><\/span><b> <\/b><span class=\"s1\"><b>Arch\u00e9ologie<\/b><\/span><b> <\/b><span class=\"s1\"><b>publique:<\/b><\/span><b> <\/b><span class=\"s1\"><b>Communaut\u00e9,<\/b><\/span><b> <\/b><span class=\"s1\"><b>\u00c9ducation,<\/b><\/span><b> <\/b><span class=\"s1\"><b>Formation,<\/b><\/span><b> <\/b><span class=\"s1\"><b>\u00c9conomie<\/b><\/span><b> <\/b><span class=\"s1\"><b>et<\/b><\/span><b> <\/b><span class=\"s1\"><b>Travail<\/b><\/span><b> <\/b>favorise une approche syst\u00e9mique pour r\u00e9pondre aux besoins de bonne gestion du patrimoine arch\u00e9ologique, de d\u00e9veloppement de nouveaux professionnels et des opportunit\u00e9s d&#8217;emploi dans le domaine de l&rsquo;arch\u00e9ologie publique pour les jeunes italiens et tunisiens. Promu et coordonn\u00e9 par Empedocle Consorzio Universitario di Agrigento, les partenaires de CEFEL sont le Parco Archeologico e Paesaggistico della Valle dei Templi di Agrigento, le Polo territoriale universitario della Provincia di Agrigento-Universit\u00e0 di Palermo, l&rsquo;Institut National du Patrimoine de Tunisie, le Agence de Mise en Valeur du Patrimoine et de Promotion Culturelle de Tunisie et l&rsquo;Institut Sup\u00e9rieur des M\u00e9tiers du Patrimoine de Tunisie.<\/p>\n<p class=\"p1\">Pour les mises \u00e0 jour, consultez les canaux sociaux du projet CEFEL <a href=\"https:\/\/www.facebook.com\/projetCEFEL\"><span class=\"s3\">Facebook<\/span><\/a>, <a href=\"https:\/\/www.instagram.com\/projet.cefel\/\"><span class=\"s3\">Instagram<\/span><\/a>, <a href=\"https:\/\/www.linkedin.com\/company\/cefel-arch%25C3%25A9ologie-publique\"><span class=\"s3\">LinkedIn<\/span><\/a> e <a href=\"https:\/\/www.youtube.com\/channel\/UC5N5rzHUv8tfNSobDE0Vs-Q\"><span class=\"s3\">YouTube<\/span><\/a>. ou soumettre l\u2019inscription \u00e0 la <a href=\"http:\/\/eepurl.com\/hRuhGr\"><span class=\"s4\">newsletter<\/span><\/a>.<\/p>\n<h6>Projet cofinanc\u00e9 par l\u2019Union europ\u00e9enne. Le document a \u00e9t\u00e9 r\u00e9alis\u00e9 avec l&rsquo;aide financi\u00e8re de l&rsquo;Union europ\u00e9enne dans le cadre du Programme IEV CT Italie \u2013 Tunisie 2014-2020. Le contenu de ce document rel\u00e8ve de la seule responsabilit\u00e9 de et ne peut en aucun cas \u00eatre consid\u00e9r\u00e9 comme refl\u00e9tant la position de l&rsquo;Union europ\u00e9enne ou celle des structures de gestion du Programme.<\/h6>\n","protected":false},"excerpt":{"rendered":"<p>Publi\u00e9s au Registre Officiel de l&rsquo;Universit\u00e9 de Palerme les nouveaux appels de CEFEL \u2013 Arch\u00e9ologie Publique, un projet de coop\u00e9ration Italie \/ Tunisie pour la valorisation du patrimoine arch\u00e9ologique par le d\u00e9veloppement de nouveaux professionnels et de synergies. Cinq profils \u00e0 s\u00e9lectionner, avec des candidatures&#8230;<\/p>\n","protected":false},"author":1,"featured_media":0,"comment_status":"closed","ping_status":"closed","sticky":false,"template":"","format":"standard","meta":{"inline_featured_image":false},"categories":[10],"tags":[],"_links":{"self":[{"href":"https:\/\/projetcefel.eu\/fr\/wp-json\/wp\/v2\/posts\/572"}],"collection":[{"href":"https:\/\/projetcefel.eu\/fr\/wp-json\/wp\/v2\/posts"}],"about":[{"href":"https:\/\/projetcefel.eu\/fr\/wp-json\/wp\/v2\/types\/post"}],"author":[{"embeddable":true,"href":"https:\/\/projetcefel.eu\/fr\/wp-json\/wp\/v2\/users\/1"}],"replies":[{"embeddable":true,"href":"https:\/\/projetcefel.eu\/fr\/wp-json\/wp\/v2\/comments?post=572"}],"version-history":[{"count":2,"href":"https:\/\/projetcefel.eu\/fr\/wp-json\/wp\/v2\/posts\/572\/revisions"}],"predecessor-version":[{"id":575,"href":"https:\/\/projetcefel.eu\/fr\/wp-json\/wp\/v2\/posts\/572\/revisions\/575"}],"wp:attachment":[{"href":"https:\/\/projetcefel.eu\/fr\/wp-json\/wp\/v2\/media?parent=572"}],"wp:term":[{"taxonomy":"category","embeddable":true,"href":"https:\/\/projetcefel.eu\/fr\/wp-json\/wp\/v2\/categories?post=572"},{"taxonomy":"post_tag","embeddable":true,"href":"https:\/\/projetcefel.eu\/fr\/wp-json\/wp\/v2\/tags?post=572"}],"curies":[{"name":"wp","href":"https:\/\/api.w.org\/{rel}","templated":true}]}}