{"id":570,"date":"2022-04-04T14:16:38","date_gmt":"2022-04-04T12:16:38","guid":{"rendered":"https:\/\/projetcefel.eu\/?p=570"},"modified":"2022-05-12T12:38:00","modified_gmt":"2022-05-12T10:38:00","slug":"news-3-2","status":"publish","type":"post","link":"https:\/\/projetcefel.eu\/fr\/news-3-2\/","title":{"rendered":"PUBLI\u00c9 L&rsquo;AVIS DES FORMATIONS PROFESSIONNELLES PROMUE PAR CEFEL"},"content":{"rendered":"<p class=\"p1\"><span class=\"s1\"><b>CEFEL<\/b><\/span><b> <\/b><span class=\"s1\"><b>\u2013<\/b><\/span><b> <\/b><span class=\"s1\"><b>Arch\u00e9ologie<\/b><\/span><b> <\/b><span class=\"s1\"><b>publique<\/b><\/span><b> <\/b>s\u00e9lectionne 24 \u00e9tudiants italiens r\u00e9sidant en Sicile, dipl\u00f4m\u00e9s ou titulaires d\u2019une maitrise, pour la participation \u00e0 3 cours de formation pour la connaissance, la gestion et la valorisation du patrimoine arch\u00e9ologique, dans le but de cr\u00e9er de nouvelles comp\u00e9tences professionnelles capables d&rsquo;intercepter et de r\u00e9pondre \u00e0 la demande pour des services et des produits pour la participation des communaut\u00e9s au patrimoine arch\u00e9ologique.<\/p>\n<p class=\"p4\">L&rsquo;avis est disponible sur le site Web de l&rsquo;Universit\u00e0 degli Studi di Palermo \u2013 Albo Ufficiale di Ateneo au link <span class=\"s8\">https:\/\/<a href=\"http:\/\/www.unipa.it\/albo.html\"><span class=\"s9\">www.unipa.it\/albo.html<\/span><\/a><\/span><\/p>\n<p class=\"p6\">Financ\u00e9 dans le cadre du Programme de coop\u00e9ration transfrontali\u00e8re ENI Italie-Tunisie 2014-2020, <span class=\"s1\"><b>CEFEL<\/b><\/span><b> <\/b><span class=\"s1\"><b>\u2013<\/b><\/span><b> <\/b><span class=\"s1\"><b>Arch\u00e9ologie<\/b><\/span><b> <\/b><span class=\"s1\"><b>publique:<\/b><\/span><b> <\/b><span class=\"s1\"><b>Communaut\u00e9,<\/b><\/span><b> <\/b><span class=\"s1\"><b>\u00c9ducation,<\/b><\/span><b> <\/b><span class=\"s1\"><b>Formation,<\/b><\/span><b> <\/b><span class=\"s1\"><b>\u00c9conomie<\/b><\/span><b> <\/b><span class=\"s1\"><b>et<\/b><\/span><b> <\/b><span class=\"s1\"><b>Travail<\/b><\/span><b> <\/b>favorise une approche syst\u00e9mique pour r\u00e9pondre aux besoins de bonne gestion du patrimoine arch\u00e9ologique, de d\u00e9veloppement de nouveaux professionnels et des opportunit\u00e9s d&#8217;emploi dans le domaine de l&rsquo;arch\u00e9ologie publique pour les jeunes italiens et tunisiens.<\/p>\n<p class=\"p4\">Promu et coordonn\u00e9 par Empedocle Consorzio Universitario di Agrigento, les partenaires de CEFEL sont le Parco Archeologico e Paesaggistico della Valle dei Templi di Agrigento, le Polo territoriale universitario della Provincia di Agrigento-Universit\u00e0 di Palermo, l&rsquo;Institut National du Patrimoine de Tunisie, le Agence de Mise en Valeur du Patrimoine et de Promotion Culturelle de Tunisie et l&rsquo;Institut Sup\u00e9rieur des M\u00e9tiers du Patrimoine de Tunisie.<\/p>\n<p class=\"p1\">Pour les mises \u00e0 jour, consultez les canaux sociaux du projet CEFEL <a href=\"https:\/\/www.facebook.com\/projetCEFEL\"><span class=\"s3\">Facebook<\/span><\/a>, <a href=\"https:\/\/www.instagram.com\/projet.cefel\/\"><span class=\"s3\">Instagram<\/span><\/a>, <a href=\"https:\/\/www.linkedin.com\/company\/cefel-arch%25C3%25A9ologie-publique\"><span class=\"s3\">LinkedIn<\/span><\/a> e <a href=\"https:\/\/www.youtube.com\/channel\/UC5N5rzHUv8tfNSobDE0Vs-Q\"><span class=\"s3\">YouTube<\/span><\/a>.<\/p>\n<h6>Projet cofinanc\u00e9 par l\u2019Union europ\u00e9enne. Le document a \u00e9t\u00e9 r\u00e9alis\u00e9 avec l&rsquo;aide financi\u00e8re de l&rsquo;Union europ\u00e9enne dans le cadre du Programme IEV CT Italie \u2013 Tunisie 2014-2020. Le contenu de ce document rel\u00e8ve de la seule responsabilit\u00e9 de et ne peut en aucun cas \u00eatre consid\u00e9r\u00e9 comme refl\u00e9tant la position de l&rsquo;Union europ\u00e9enne ou celle des structures de gestion du Programme.<\/h6>\n","protected":false},"excerpt":{"rendered":"<p>CEFEL \u2013 Arch\u00e9ologie publique s\u00e9lectionne 24 \u00e9tudiants italiens r\u00e9sidant en Sicile, dipl\u00f4m\u00e9s ou titulaires d\u2019une maitrise, pour la participation \u00e0 3 cours de formation pour la connaissance, la gestion et la valorisation du patrimoine arch\u00e9ologique, dans le but de cr\u00e9er de nouvelles comp\u00e9tences professionnelles capables&#8230;<\/p>\n","protected":false},"author":1,"featured_media":0,"comment_status":"closed","ping_status":"closed","sticky":false,"template":"","format":"standard","meta":{"inline_featured_image":false},"categories":[10],"tags":[],"_links":{"self":[{"href":"https:\/\/projetcefel.eu\/fr\/wp-json\/wp\/v2\/posts\/570"}],"collection":[{"href":"https:\/\/projetcefel.eu\/fr\/wp-json\/wp\/v2\/posts"}],"about":[{"href":"https:\/\/projetcefel.eu\/fr\/wp-json\/wp\/v2\/types\/post"}],"author":[{"embeddable":true,"href":"https:\/\/projetcefel.eu\/fr\/wp-json\/wp\/v2\/users\/1"}],"replies":[{"embeddable":true,"href":"https:\/\/projetcefel.eu\/fr\/wp-json\/wp\/v2\/comments?post=570"}],"version-history":[{"count":1,"href":"https:\/\/projetcefel.eu\/fr\/wp-json\/wp\/v2\/posts\/570\/revisions"}],"predecessor-version":[{"id":571,"href":"https:\/\/projetcefel.eu\/fr\/wp-json\/wp\/v2\/posts\/570\/revisions\/571"}],"wp:attachment":[{"href":"https:\/\/projetcefel.eu\/fr\/wp-json\/wp\/v2\/media?parent=570"}],"wp:term":[{"taxonomy":"category","embeddable":true,"href":"https:\/\/projetcefel.eu\/fr\/wp-json\/wp\/v2\/categories?post=570"},{"taxonomy":"post_tag","embeddable":true,"href":"https:\/\/projetcefel.eu\/fr\/wp-json\/wp\/v2\/tags?post=570"}],"curies":[{"name":"wp","href":"https:\/\/api.w.org\/{rel}","templated":true}]}}