{"id":568,"date":"2022-05-10T13:04:29","date_gmt":"2022-05-10T11:04:29","guid":{"rendered":"https:\/\/projetcefel.eu\/?p=568"},"modified":"2022-05-12T12:37:54","modified_gmt":"2022-05-12T10:37:54","slug":"avec-cefel-larcheologie-est-pubblique","status":"publish","type":"post","link":"https:\/\/projetcefel.eu\/fr\/avec-cefel-larcheologie-est-pubblique\/","title":{"rendered":"AVEC CEFEL, L\u2019ARCH\u00c9OLOGIE EST PUBBLIQUE"},"content":{"rendered":"<p class=\"p1\">Jeudi 11 novembre 2021, \u00e0 15h00, rendez vous au Parco Archeologico e Paesaggistico della Valle dei Templi pour la premi\u00e8re rencontre d\u2019Arch\u00e9ologie Pubblique du projet <span class=\"s1\"><b>CEFEL<\/b><\/span><b> <\/b><span class=\"s1\"><b>&#8211;<\/b><\/span><b> <\/b><span class=\"s1\"><b>Arch\u00e9ologie<\/b><\/span><b> <\/b><span class=\"s1\"><b>Publique:<\/b><\/span><b> <\/b><span class=\"s1\"><b>Communaut\u00e9,<\/b><\/span><b> <\/b><span class=\"s1\"><b>Education,<\/b><\/span><b> <\/b><span class=\"s1\"><b>Formation,<\/b><\/span><b> <\/b><span class=\"s1\"><b>Economie<\/b><\/span><b> <\/b><span class=\"s1\"><b>et<\/b><\/span><b> <\/b><span class=\"s1\"><b>Travail<\/b><\/span>, <span class=\"s4\">financ\u00e9 dans le cadre du Programme IEV de Coop\u00e9ration Transfrontali\u00e8re Italie Tunisie 2014-2020. <\/span>Les arch\u00e9ologues du Parc accompagneront les enfants et les familles lors d&rsquo;une promenade pour d\u00e9couvrir le temple de Zeus Olympios et conna\u00eetre l&rsquo;histoire de l&rsquo;un des plus grands temples de l&rsquo;antiquit\u00e9. Les jeunes apprentis arch\u00e9ologues participeront ensuite \u00e0 une simulation de fouille, pour vivre l\u2019excitation de la d\u00e9couverte avec les professionnels. Avec cet \u00e9v\u00e9nement, le projet CEFEL vise \u00e0 stimuler la participation et le partage du patrimoine arch\u00e9ologique avec la communaut\u00e9, afin de faciliter la rencontre entre l&rsquo;arch\u00e9ologie et la soci\u00e9t\u00e9 en tant que vecteur de croissance culturelle et socio-\u00e9conomique. La participation \u00e0 l\u2019\u00e9v\u00e9nement est gratuite, dans la limite des places disponibles, sur r\u00e9servation \u00e0 l&rsquo;adresse mail <a href=\"mailto:didatticavalledeipiccoli@gmail.com\"><span class=\"s5\">didatticavalledeipiccoli@gmail.com<\/span>,<\/a> \u00e0 envoyer avant 18h00 du mercredi 10 novembre en pr\u00e9cisant les noms des enfants et adultes accompagnants. Entr\u00e9e au Parc de la Porta V \u00e0 15h00 avec le Green Pass; des v\u00eatements confortables sont recommand\u00e9s. Promu et coordonn\u00e9 par Empedocle Consorzio Universitario di Agrigento, en tant qu\u2019organisme chef de file, le projet CEFEL se d\u00e9cline en une s\u00e9rie d&rsquo;actions diversifi\u00e9es et implique des partenaires italiens et tunisiens, actifs depuis plus d&rsquo;une d\u00e9cennie pour partager exp\u00e9riences, projets et m\u00e9thodologies de gouvernance du patrimoine arch\u00e9ologique: le Parco Archeologico e Paesaggistico della Valle dei Templi, le Polo territoriale Universitario della Provincia di Agrigento, l&rsquo;Institut National du Patrimoine de Tunisie, l&rsquo;Agence de Mise en Valeur du Patrimoine et de Promotion Culturelle de Tunisie et l&rsquo;Institut Sup\u00e9rieur des M\u00e9tiers du Patrimoine de Tunisie.<\/p>\n<p class=\"p1\">Pour les mises \u00e0 jour, consultez les canaux sociaux du projet CEFEL <a href=\"https:\/\/www.facebook.com\/projetCEFEL\"><span class=\"s3\">Facebook<\/span><\/a>, <a href=\"https:\/\/www.instagram.com\/projet.cefel\/\"><span class=\"s3\">Instagram<\/span><\/a>, <a href=\"https:\/\/www.linkedin.com\/company\/cefel-arch%25C3%25A9ologie-publique\"><span class=\"s3\">LinkedIn<\/span><\/a> e <a href=\"https:\/\/www.youtube.com\/channel\/UC5N5rzHUv8tfNSobDE0Vs-Q\"><span class=\"s3\">YouTube<\/span><\/a>.<\/p>\n<h6>Projet cofinanc\u00e9 par l\u2019Union europ\u00e9enne Le document a \u00e9t\u00e9 r\u00e9alis\u00e9 avec l&rsquo;aide financi\u00e8re de l&rsquo;Union europ\u00e9enne dans le cadre du Programme IEV CT Italie \u2013 Tunisie 2014-2020. Le contenu de ce document rel\u00e8ve de la seule responsabilit\u00e9 de et ne peut en aucun cas \u00eatre consid\u00e9r\u00e9 comme refl\u00e9tant la position de l&rsquo;Union europ\u00e9enne ou celle des structures de gestion du Programme.<\/h6>\n","protected":false},"excerpt":{"rendered":"<p>Jeudi 11 novembre 2021, \u00e0 15h00, rendez vous au Parco Archeologico e Paesaggistico della Valle dei Templi pour la premi\u00e8re rencontre d\u2019Arch\u00e9ologie Pubblique du projet CEFEL &#8211; Arch\u00e9ologie Publique: Communaut\u00e9, Education, Formation, Economie et Travail, financ\u00e9 dans le cadre du Programme IEV de Coop\u00e9ration Transfrontali\u00e8re&#8230;<\/p>\n","protected":false},"author":1,"featured_media":0,"comment_status":"closed","ping_status":"closed","sticky":false,"template":"","format":"standard","meta":{"inline_featured_image":false},"categories":[10],"tags":[],"_links":{"self":[{"href":"https:\/\/projetcefel.eu\/fr\/wp-json\/wp\/v2\/posts\/568"}],"collection":[{"href":"https:\/\/projetcefel.eu\/fr\/wp-json\/wp\/v2\/posts"}],"about":[{"href":"https:\/\/projetcefel.eu\/fr\/wp-json\/wp\/v2\/types\/post"}],"author":[{"embeddable":true,"href":"https:\/\/projetcefel.eu\/fr\/wp-json\/wp\/v2\/users\/1"}],"replies":[{"embeddable":true,"href":"https:\/\/projetcefel.eu\/fr\/wp-json\/wp\/v2\/comments?post=568"}],"version-history":[{"count":1,"href":"https:\/\/projetcefel.eu\/fr\/wp-json\/wp\/v2\/posts\/568\/revisions"}],"predecessor-version":[{"id":569,"href":"https:\/\/projetcefel.eu\/fr\/wp-json\/wp\/v2\/posts\/568\/revisions\/569"}],"wp:attachment":[{"href":"https:\/\/projetcefel.eu\/fr\/wp-json\/wp\/v2\/media?parent=568"}],"wp:term":[{"taxonomy":"category","embeddable":true,"href":"https:\/\/projetcefel.eu\/fr\/wp-json\/wp\/v2\/categories?post=568"},{"taxonomy":"post_tag","embeddable":true,"href":"https:\/\/projetcefel.eu\/fr\/wp-json\/wp\/v2\/tags?post=568"}],"curies":[{"name":"wp","href":"https:\/\/api.w.org\/{rel}","templated":true}]}}