{"id":1556,"date":"2023-11-20T21:03:07","date_gmt":"2023-11-20T20:03:07","guid":{"rendered":"https:\/\/projetcefel.eu\/?p=1556"},"modified":"2023-11-20T21:03:07","modified_gmt":"2023-11-20T20:03:07","slug":"ceremonie-finale-des-activites-de-formation-2","status":"publish","type":"post","link":"https:\/\/projetcefel.eu\/fr\/ceremonie-finale-des-activites-de-formation-2\/","title":{"rendered":"CEFEL \u2013 PR\u00c9SENTATION DES R\u00c9SULTATS DU PROJET CEFEL \u2013 ARCH\u00c9OLOGIE PUBLIQUE"},"content":{"rendered":"\r\n<p class=\"p1\">Les r\u00e9sultats du projet CEFEL \u2013 Arch\u00e9ologie publique, financ\u00e9 dans le cadre du Programme de coop\u00e9ration transfrontali\u00e8re ENI Italie-Tunisie 2014-2020, seront pr\u00e9sent\u00e9s mardi 21 novembre, chez Casa Sanfilippo \u00e0 Agrigente.<\/p>\r\n<p class=\"p1\">Un rendez-vous pour partager les activit\u00e9s que le projet CEFEL a mises en \u0153uvre pour le d\u00e9veloppement et la croissance de l&rsquo;offre professionnelle dans le monde du travail culturel et les r\u00e9sultats obtenus gr\u00e2ce \u00e0 la s\u00e9rie diversifi\u00e9e d&rsquo;actions qui ont vu la coop\u00e9ration et le travail conjoint des partenaires italiens et tunisiens: le Empedocle Consorzio Universitario di Agrigento, organisme chef de file, le Parco Archeologico e Paesaggistico della Valle dei Templi, le Polo territoriale Universitario della Provincia di Agrigento, l&rsquo;Institut National du Patrimoine de Tunisie, l&rsquo;Agence de Mise en Valeur du Patrimoine et de Promotion Culturelle de Tunisie et l&rsquo;Institut Sup\u00e9rieur des M\u00e9tiers du Patrimoine de Tunisie.<\/p>\r\n<p class=\"p1\">L&rsquo;\u00e9v\u00e9nement, qui d\u00e9butera par les salutations institutionnelles et l&rsquo;intervention de Roberto Sciarratta, directeur du Parco Archeologico e Paesaggistico della Valle dei Templi, sera coordonn\u00e9 par Antonino Mangiacavallo, pr\u00e9sident de l&rsquo;ECUA, et par Giuseppe Avenia, directeur du Mus\u00e9e Arch\u00e9ologique R\u00e9gional Pietro Griffo. Au cours de la matin\u00e9e, les repr\u00e9sentants des partenaires italiens et tunisiens parleront \u00e0 tour de r\u00f4le de leur contribution au d\u00e9veloppement de personnalit\u00e9s professionnelles et d&rsquo;entreprises capables d&rsquo;intercepter et de g\u00e9rer la nouvelle demande de services et de produits que peut g\u00e9n\u00e9rer l&rsquo;arch\u00e9ologie publique.<\/p>\r\n<p class=\"p1\">Suivi de trois sessions d&rsquo;approfondissement: \u00abLa naissance d&rsquo;une start-up comme r\u00e9sultat du projet\u00bb, avec la pr\u00e9sentation de The Hub Sicilia et Be your City; \u00abParcs arch\u00e9ologiques et \u00e9ducation au patrimoine : propositions pour l&rsquo;avenir\u00bb avec l&rsquo;intervention de Laura Danile, arch\u00e9ologue; \u00abParcs arch\u00e9ologiques et paysage, entre participation communautaire et opportunit\u00e9s pour les entreprises\u00bb anim\u00e9 par Federica Salvo, property manager du Giardino della Kolymbetra.<\/p>\r\n<p class=\"p1\">Le rendez-vous est \u00e0 Agrigente, \u00e0 la Villa Sanfilippo, et en streaming sur le lien https:\/\/us02web.zoom.us\/j\/86243386242?pwd=ZVlMMi8wTFFzMWZFVkY2VzZGaHJEdz09<\/p>\r\n<p class=\"p4\"><span class=\"s1\"><span class=\"Apple-converted-space\">\u00a0 <\/span><\/span>Projet cofinanc\u00e9 par l\u2019Union europ\u00e9enne<\/p>\r\n<p class=\"p5\">Le document a \u00e9t\u00e9 r\u00e9alis\u00e9\u0301 avec l&rsquo;aide financi\u00e8re de l&rsquo;Union europ\u00e9enne dans le cadre du Programme IEV CT Italie \u2013 Tunisie 2014-2020. Le contenu de ce document rel\u00e8ve de la seule responsabilit\u00e9\u0301 de et ne peut en aucun cas \u00eatre consid\u00e9r\u00e9\u0301 comme refl\u00e9tant la position de l&rsquo;Union europ\u00e9enne ou celle des structures de gestion du Programme.<\/p>\r\n<p><img loading=\"lazy\" class=\"alignnone wp-image-1554 size-full\" src=\"https:\/\/projetcefel.eu\/wp-content\/uploads\/2023\/11\/EVENTO-FINALE-2.png\" alt=\"\" width=\"2000\" height=\"1414\" srcset=\"https:\/\/projetcefel.eu\/wp-content\/uploads\/2023\/11\/EVENTO-FINALE-2.png 2000w, https:\/\/projetcefel.eu\/wp-content\/uploads\/2023\/11\/EVENTO-FINALE-2-300x212.png 300w, https:\/\/projetcefel.eu\/wp-content\/uploads\/2023\/11\/EVENTO-FINALE-2-1024x724.png 1024w, https:\/\/projetcefel.eu\/wp-content\/uploads\/2023\/11\/EVENTO-FINALE-2-768x543.png 768w, https:\/\/projetcefel.eu\/wp-content\/uploads\/2023\/11\/EVENTO-FINALE-2-1536x1086.png 1536w\" sizes=\"(max-width: 2000px) 100vw, 2000px\" \/><\/p>\r\n","protected":false},"excerpt":{"rendered":"<p>Les r\u00e9sultats du projet CEFEL \u2013 Arch\u00e9ologie publique, financ\u00e9 dans le cadre du Programme de coop\u00e9ration transfrontali\u00e8re ENI Italie-Tunisie 2014-2020, seront pr\u00e9sent\u00e9s mardi 21 novembre, chez Casa Sanfilippo \u00e0 Agrigente. Un rendez-vous pour partager les activit\u00e9s que le projet CEFEL a mises en \u0153uvre pour&#8230;<\/p>\n","protected":false},"author":1,"featured_media":0,"comment_status":"closed","ping_status":"closed","sticky":false,"template":"","format":"standard","meta":{"inline_featured_image":false},"categories":[10],"tags":[],"_links":{"self":[{"href":"https:\/\/projetcefel.eu\/fr\/wp-json\/wp\/v2\/posts\/1556"}],"collection":[{"href":"https:\/\/projetcefel.eu\/fr\/wp-json\/wp\/v2\/posts"}],"about":[{"href":"https:\/\/projetcefel.eu\/fr\/wp-json\/wp\/v2\/types\/post"}],"author":[{"embeddable":true,"href":"https:\/\/projetcefel.eu\/fr\/wp-json\/wp\/v2\/users\/1"}],"replies":[{"embeddable":true,"href":"https:\/\/projetcefel.eu\/fr\/wp-json\/wp\/v2\/comments?post=1556"}],"version-history":[{"count":1,"href":"https:\/\/projetcefel.eu\/fr\/wp-json\/wp\/v2\/posts\/1556\/revisions"}],"predecessor-version":[{"id":1557,"href":"https:\/\/projetcefel.eu\/fr\/wp-json\/wp\/v2\/posts\/1556\/revisions\/1557"}],"wp:attachment":[{"href":"https:\/\/projetcefel.eu\/fr\/wp-json\/wp\/v2\/media?parent=1556"}],"wp:term":[{"taxonomy":"category","embeddable":true,"href":"https:\/\/projetcefel.eu\/fr\/wp-json\/wp\/v2\/categories?post=1556"},{"taxonomy":"post_tag","embeddable":true,"href":"https:\/\/projetcefel.eu\/fr\/wp-json\/wp\/v2\/tags?post=1556"}],"curies":[{"name":"wp","href":"https:\/\/api.w.org\/{rel}","templated":true}]}}