{"id":1541,"date":"2023-06-21T11:17:58","date_gmt":"2023-06-21T09:17:58","guid":{"rendered":"https:\/\/projetcefel.eu\/?p=1541"},"modified":"2023-06-21T16:41:35","modified_gmt":"2023-06-21T14:41:35","slug":"ceremonie-finale-des-activites-de-formation","status":"publish","type":"post","link":"https:\/\/projetcefel.eu\/fr\/ceremonie-finale-des-activites-de-formation\/","title":{"rendered":"C\u00e9r\u00e9monie finale des activit\u00e9s de formation"},"content":{"rendered":"\r\n<p class=\"p1\">La c\u00e9r\u00e9monie finale des activit\u00e9s de formation de CEFEL, un projet cofinanc\u00e9 par l&rsquo;Union Europ\u00e9enne dans le cadre du Programme IEV de Coop\u00e9ration Transfrontali\u00e8re Italie-Tunisie 2014-, aura lieu le vendredi 23 juin, \u00e0 10h30, dans l&rsquo;Aula Magna de Villa Genuardi 2020. Le but du projet est de promouvoir la coop\u00e9ration entre la Sicile et la Tunisie en favorisant la cr\u00e9ation de programmes de formation communs et d&rsquo;une offre d&#8217;emploi sp\u00e9cialis\u00e9e dans le secteur des emplois culturels, utilisables dans les deux r\u00e9gions.<\/p>\r\n<p class=\"p1\">La c\u00e9r\u00e9monie comprend les salutations institutionnelles de:<\/p>\r\n<p class=\"p1\">Filippo Romano &#8211; Pr\u00e9fet d&rsquo;Agrigente<\/p>\r\n<p class=\"p1\">Francesco Miccich\u00e8 \u2013 Maire d&rsquo;Agrigente<\/p>\r\n<p class=\"p1\">Giovanni Francesco Tuzzolino \u2013 Pr\u00e9sident du Polo Territoriale Universitario d&rsquo;Agrigente, partenaire CEFEL<\/p>\r\n<p class=\"p1\">Antonino Mangiacavallo \u2013 Pr\u00e9sident du Empedocle Consorzio Universitario d&rsquo;Agrigente, chef de file et \u00e9diteur du CEFEL, qui pr\u00e9sentera le projet et ses aspects culturels, \u00e9conomiques, sociaux, entrepreneuriaux et d&#8217;emploi<\/p>\r\n<p class=\"p1\">Roberto Sciarratta \u2013 Directeur du Parco Archeologico e Paesaggistico della Valle dei Templi di Agrigente, partenaire CEFEL<\/p>\r\n<p class=\"p1\">Daniela Bica &#8211; Responsable de la zone 7 &#8211; Gestion du programme de coop\u00e9ration territoriale europ\u00e9enne et de coop\u00e9ration supranationale &#8211; D\u00e9partement de la programmation &#8211; Autorit\u00e9 de gestion du programme ENI CT Italie Tunisie 2014-2020 &#8211; R\u00e9gion sicilienne &#8211; Pr\u00e9sidence<\/p>\r\n<p class=\"p1\">La rencontre se poursuivra avec l&rsquo;intervention d&rsquo;Aurelio Burgio, coordinateur du projet CEFEL pour l&rsquo;Universit\u00e9 de Palerme, qui parlera des diff\u00e9rentes formations qui ont anim\u00e9 le projet CEFEL, et avec la pr\u00e9sentation, par Olga Giunta, de la start-up italienne s\u00e9lectionn\u00e9e pour recevoir le soutien du CEFEL pour la r\u00e9alisation d&rsquo;un id\u00e9e d&rsquo;entreprise innovante pour la promotion et la valorisation du patrimoine arch\u00e9ologique et culturel.<\/p>\r\n<p class=\"p1\">La c\u00e9r\u00e9monie se terminera par la remise d&rsquo;attestations aux personnes ayant suivi les diff\u00e9rentes formations propos\u00e9es par le projet.<\/p>\r\n","protected":false},"excerpt":{"rendered":"<p>La c\u00e9r\u00e9monie finale des activit\u00e9s de formation de CEFEL, un projet cofinanc\u00e9 par l&rsquo;Union Europ\u00e9enne dans le cadre du Programme IEV de Coop\u00e9ration Transfrontali\u00e8re Italie-Tunisie 2014-, aura lieu le vendredi 23 juin, \u00e0 10h30, dans l&rsquo;Aula Magna de Villa Genuardi 2020. Le but du projet&#8230;<\/p>\n","protected":false},"author":1,"featured_media":0,"comment_status":"closed","ping_status":"closed","sticky":false,"template":"","format":"standard","meta":{"inline_featured_image":false},"categories":[10],"tags":[],"_links":{"self":[{"href":"https:\/\/projetcefel.eu\/fr\/wp-json\/wp\/v2\/posts\/1541"}],"collection":[{"href":"https:\/\/projetcefel.eu\/fr\/wp-json\/wp\/v2\/posts"}],"about":[{"href":"https:\/\/projetcefel.eu\/fr\/wp-json\/wp\/v2\/types\/post"}],"author":[{"embeddable":true,"href":"https:\/\/projetcefel.eu\/fr\/wp-json\/wp\/v2\/users\/1"}],"replies":[{"embeddable":true,"href":"https:\/\/projetcefel.eu\/fr\/wp-json\/wp\/v2\/comments?post=1541"}],"version-history":[{"count":2,"href":"https:\/\/projetcefel.eu\/fr\/wp-json\/wp\/v2\/posts\/1541\/revisions"}],"predecessor-version":[{"id":1543,"href":"https:\/\/projetcefel.eu\/fr\/wp-json\/wp\/v2\/posts\/1541\/revisions\/1543"}],"wp:attachment":[{"href":"https:\/\/projetcefel.eu\/fr\/wp-json\/wp\/v2\/media?parent=1541"}],"wp:term":[{"taxonomy":"category","embeddable":true,"href":"https:\/\/projetcefel.eu\/fr\/wp-json\/wp\/v2\/categories?post=1541"},{"taxonomy":"post_tag","embeddable":true,"href":"https:\/\/projetcefel.eu\/fr\/wp-json\/wp\/v2\/tags?post=1541"}],"curies":[{"name":"wp","href":"https:\/\/api.w.org\/{rel}","templated":true}]}}