{"id":1422,"date":"2023-06-14T13:37:43","date_gmt":"2023-06-14T11:37:43","guid":{"rendered":"https:\/\/projetcefel.eu\/?p=1422"},"modified":"2023-06-14T13:37:43","modified_gmt":"2023-06-14T11:37:43","slug":"formation-pour-les-entreprises-siciliennes","status":"publish","type":"post","link":"https:\/\/projetcefel.eu\/fr\/formation-pour-les-entreprises-siciliennes\/","title":{"rendered":"Projet CEFEL \u2013 formation pour les entreprises siciliennes"},"content":{"rendered":"\r\n<p class=\"p1\">Nouvelle \u00e9tape du parcours de formation que CEFEL d\u00e9die aux entreprises siciliennes actives dans la valorisation du patrimoine arch\u00e9ologique. Chez Casa Barbadoro, au c\u0153ur de la Vall\u00e9e des Temples, une rencontre entre les entreprises agroalimentaires du projet Diodoros et les \u00e9tudiants internationaux du Master of Applied Gastronomy: Culinary Arts de l\u2019Universit\u00e0 di Scienze Gastronomiche dePollenzo, promu par Slow Food.<\/p>\r\n<p class=\"p1\">Une journ\u00e9e pleine d&rsquo;activit\u00e9s et de moments d&rsquo;\u00e9changes pour partager les bonnes pratiques qui ont permis le succ\u00e8s de l&rsquo;union entre le patrimoine arch\u00e9ologique et le secteur agroalimentaire.<\/p>\r\n<p class=\"p1\">La r\u00e9union fait suite \u00e0 celle du 6 juin sur les th\u00e8mes de la communication et de l&rsquo;enseignement pour la valorisation du patrimoine arch\u00e9ologique, anim\u00e9e par le professeur Dario Mangano de l&rsquo;Universit\u00e0 di Palermo dans les espaces du Museo Archeologico Regionale Pietro Griffo.<\/p>\r\n<p class=\"p1\">Le cours de formation se terminera par la rencontre d\u00e9di\u00e9e aux entreprises engag\u00e9es dans la valorisation du patrimoine culturel gr\u00e2ce aux nouvelles technologies: rendez-vous le 27 juin dans la salle \u00e9ducative du Parc Arch\u00e9ologique.<\/p>\r\n\r\n\r\n\r\n<p>Le document a \u00e9t\u00e9 r\u00e9alis\u00e9\u0301 avec l&rsquo;aide financi\u00e8re de l&rsquo;Union europ\u00e9enne dans le cadre du Programme IEV CT Italie \u2013 Tunisie 2014-2020. Le contenu de ce document rel\u00e8ve de la seule responsabilit\u00e9\u0301 de et ne peut en aucun cas \u00eatre consid\u00e9r\u00e9\u0301 comme refl\u00e9tant la position de l&rsquo;Union europ\u00e9enne ou celle des structures de gestion du Programme.<\/p>\r\n","protected":false},"excerpt":{"rendered":"<p>Nouvelle \u00e9tape du parcours de formation que CEFEL d\u00e9die aux entreprises siciliennes actives dans la valorisation du patrimoine arch\u00e9ologique. Chez Casa Barbadoro, au c\u0153ur de la Vall\u00e9e des Temples, une rencontre entre les entreprises agroalimentaires du projet Diodoros et les \u00e9tudiants internationaux du Master of&#8230;<\/p>\n","protected":false},"author":1,"featured_media":0,"comment_status":"closed","ping_status":"closed","sticky":false,"template":"","format":"standard","meta":{"inline_featured_image":false},"categories":[10],"tags":[],"_links":{"self":[{"href":"https:\/\/projetcefel.eu\/fr\/wp-json\/wp\/v2\/posts\/1422"}],"collection":[{"href":"https:\/\/projetcefel.eu\/fr\/wp-json\/wp\/v2\/posts"}],"about":[{"href":"https:\/\/projetcefel.eu\/fr\/wp-json\/wp\/v2\/types\/post"}],"author":[{"embeddable":true,"href":"https:\/\/projetcefel.eu\/fr\/wp-json\/wp\/v2\/users\/1"}],"replies":[{"embeddable":true,"href":"https:\/\/projetcefel.eu\/fr\/wp-json\/wp\/v2\/comments?post=1422"}],"version-history":[{"count":1,"href":"https:\/\/projetcefel.eu\/fr\/wp-json\/wp\/v2\/posts\/1422\/revisions"}],"predecessor-version":[{"id":1423,"href":"https:\/\/projetcefel.eu\/fr\/wp-json\/wp\/v2\/posts\/1422\/revisions\/1423"}],"wp:attachment":[{"href":"https:\/\/projetcefel.eu\/fr\/wp-json\/wp\/v2\/media?parent=1422"}],"wp:term":[{"taxonomy":"category","embeddable":true,"href":"https:\/\/projetcefel.eu\/fr\/wp-json\/wp\/v2\/categories?post=1422"},{"taxonomy":"post_tag","embeddable":true,"href":"https:\/\/projetcefel.eu\/fr\/wp-json\/wp\/v2\/tags?post=1422"}],"curies":[{"name":"wp","href":"https:\/\/api.w.org\/{rel}","templated":true}]}}