{"id":1401,"date":"2023-06-09T09:32:03","date_gmt":"2023-06-09T07:32:03","guid":{"rendered":"https:\/\/projetcefel.eu\/?p=1401"},"modified":"2023-06-09T09:14:30","modified_gmt":"2023-06-09T07:14:30","slug":"deux-jours-de-formation-pour-les-entreprises-tunisiennes","status":"publish","type":"post","link":"https:\/\/projetcefel.eu\/fr\/deux-jours-de-formation-pour-les-entreprises-tunisiennes\/","title":{"rendered":"DEUX JOURS DE FORMATION POUR LES ENTREPRISES TUNISIENNES"},"content":{"rendered":"\r\n<p class=\"p2\">Les bonnes pratiques de communication, d&rsquo;enseignement et de valorisation du patrimoine arch\u00e9ologique par les nouvelles technologies et l&rsquo;agroalimentaire \u00e9taient au centre de la formation que CEFEL a adress\u00e9e aux entreprises tunisiennes.<\/p>\r\n<p class=\"p2\">Deux jours de comparaison, de partage et d&rsquo;\u00e9change pr\u00e9cieux avec<span class=\"s1\">:<\/span><\/p>\r\n<p class=\"p3\"><span class=\"Apple-converted-space\">\u00a0<\/span>Maya Bouraghda, co-fondatrice de la startup Digital Cultural eXperience<\/p>\r\n<p class=\"p3\"><span class=\"Apple-converted-space\">\u00a0<\/span>Meriam Zerzeri, responsable p\u00e9dagogique de Museum Lab<\/p>\r\n<p class=\"p3\"><span class=\"Apple-converted-space\">\u00a0<\/span>Faten Chaoali, responsable communication du projet Oenomed<\/p>\r\n<p class=\"p3\"><span class=\"Apple-converted-space\">\u00a0<\/span>Asthme Aouinti de Ristou<\/p>\r\n<p class=\"p3\"><span class=\"Apple-converted-space\">\u00a0<\/span>Fatma M&rsquo;barek des soci\u00e9t\u00e9s Massoud et Cr\u00e9myto<\/p>\r\n<p class=\"p3\"><span class=\"Apple-converted-space\">\u00a0<\/span>Bihar Lassoued d&rsquo;Agaman<\/p>\r\n<p class=\"p3\"><span class=\"Apple-converted-space\">\u00a0<\/span>Teheni Jlassi, de la soci\u00e9t\u00e9 La Saveur de Ferme<\/p>\r\n<p class=\"p3\"><span class=\"Apple-converted-space\">\u00a0<\/span>Boutheina Gharbi Chef de projet BESTMEDGRAPE<\/p>\r\n<p>&nbsp;<\/p>\r\n<p>\r\n\r\n<\/p>\r\n<p><img loading=\"lazy\" class=\"aligncenter wp-image-1393 size-full\" src=\"https:\/\/projetcefel.eu\/wp-content\/uploads\/2023\/01\/4.jpg\" alt=\"\" width=\"900\" height=\"690\" srcset=\"https:\/\/projetcefel.eu\/wp-content\/uploads\/2023\/01\/4.jpg 900w, https:\/\/projetcefel.eu\/wp-content\/uploads\/2023\/01\/4-300x230.jpg 300w, https:\/\/projetcefel.eu\/wp-content\/uploads\/2023\/01\/4-768x589.jpg 768w\" sizes=\"(max-width: 900px) 100vw, 900px\" \/><img loading=\"lazy\" class=\"aligncenter wp-image-1395 size-full\" src=\"https:\/\/projetcefel.eu\/wp-content\/uploads\/2023\/01\/3.jpg\" alt=\"\" width=\"900\" height=\"646\" srcset=\"https:\/\/projetcefel.eu\/wp-content\/uploads\/2023\/01\/3.jpg 900w, https:\/\/projetcefel.eu\/wp-content\/uploads\/2023\/01\/3-300x215.jpg 300w, https:\/\/projetcefel.eu\/wp-content\/uploads\/2023\/01\/3-768x551.jpg 768w\" sizes=\"(max-width: 900px) 100vw, 900px\" \/><img loading=\"lazy\" class=\"aligncenter wp-image-1397 size-full\" src=\"https:\/\/projetcefel.eu\/wp-content\/uploads\/2023\/01\/2.jpg\" alt=\"\" width=\"900\" height=\"685\" srcset=\"https:\/\/projetcefel.eu\/wp-content\/uploads\/2023\/01\/2.jpg 900w, https:\/\/projetcefel.eu\/wp-content\/uploads\/2023\/01\/2-300x228.jpg 300w, https:\/\/projetcefel.eu\/wp-content\/uploads\/2023\/01\/2-768x585.jpg 768w\" sizes=\"(max-width: 900px) 100vw, 900px\" \/><img loading=\"lazy\" class=\"aligncenter wp-image-1399 size-full\" src=\"https:\/\/projetcefel.eu\/wp-content\/uploads\/2023\/01\/1.jpg\" alt=\"\" width=\"900\" height=\"675\" srcset=\"https:\/\/projetcefel.eu\/wp-content\/uploads\/2023\/01\/1.jpg 900w, https:\/\/projetcefel.eu\/wp-content\/uploads\/2023\/01\/1-300x225.jpg 300w, https:\/\/projetcefel.eu\/wp-content\/uploads\/2023\/01\/1-768x576.jpg 768w, https:\/\/projetcefel.eu\/wp-content\/uploads\/2023\/01\/1-800x600.jpg 800w\" sizes=\"(max-width: 900px) 100vw, 900px\" \/><\/p>\r\n\r\n\r\n\r\n<p>Le document a \u00e9t\u00e9 r\u00e9alis\u00e9\u0301 avec l&rsquo;aide financi\u00e8re de l&rsquo;Union europ\u00e9enne dans le cadre du Programme IEV CT Italie \u2013 Tunisie 2014-2020. Le contenu de ce document rel\u00e8ve de la seule responsabilit\u00e9\u0301 de et ne peut en aucun cas \u00eatre consid\u00e9r\u00e9\u0301 comme refl\u00e9tant la position de l&rsquo;Union europ\u00e9enne ou celle des structures de gestion du Programme.<\/p>\r\n","protected":false},"excerpt":{"rendered":"<p>Les bonnes pratiques de communication, d&rsquo;enseignement et de valorisation du patrimoine arch\u00e9ologique par les nouvelles technologies et l&rsquo;agroalimentaire \u00e9taient au centre de la formation que CEFEL a adress\u00e9e aux entreprises tunisiennes. Deux jours de comparaison, de partage et d&rsquo;\u00e9change pr\u00e9cieux avec: \u00a0Maya Bouraghda, co-fondatrice de&#8230;<\/p>\n","protected":false},"author":1,"featured_media":0,"comment_status":"closed","ping_status":"closed","sticky":false,"template":"","format":"standard","meta":{"inline_featured_image":false},"categories":[10],"tags":[],"_links":{"self":[{"href":"https:\/\/projetcefel.eu\/fr\/wp-json\/wp\/v2\/posts\/1401"}],"collection":[{"href":"https:\/\/projetcefel.eu\/fr\/wp-json\/wp\/v2\/posts"}],"about":[{"href":"https:\/\/projetcefel.eu\/fr\/wp-json\/wp\/v2\/types\/post"}],"author":[{"embeddable":true,"href":"https:\/\/projetcefel.eu\/fr\/wp-json\/wp\/v2\/users\/1"}],"replies":[{"embeddable":true,"href":"https:\/\/projetcefel.eu\/fr\/wp-json\/wp\/v2\/comments?post=1401"}],"version-history":[{"count":1,"href":"https:\/\/projetcefel.eu\/fr\/wp-json\/wp\/v2\/posts\/1401\/revisions"}],"predecessor-version":[{"id":1402,"href":"https:\/\/projetcefel.eu\/fr\/wp-json\/wp\/v2\/posts\/1401\/revisions\/1402"}],"wp:attachment":[{"href":"https:\/\/projetcefel.eu\/fr\/wp-json\/wp\/v2\/media?parent=1401"}],"wp:term":[{"taxonomy":"category","embeddable":true,"href":"https:\/\/projetcefel.eu\/fr\/wp-json\/wp\/v2\/categories?post=1401"},{"taxonomy":"post_tag","embeddable":true,"href":"https:\/\/projetcefel.eu\/fr\/wp-json\/wp\/v2\/tags?post=1401"}],"curies":[{"name":"wp","href":"https:\/\/api.w.org\/{rel}","templated":true}]}}