{"id":1199,"date":"2022-11-29T15:35:34","date_gmt":"2022-11-29T14:35:34","guid":{"rendered":"https:\/\/projetcefel.eu\/?p=1199"},"modified":"2022-11-29T15:38:57","modified_gmt":"2022-11-29T14:38:57","slug":"formation-cefel-pour-le-personnel-des-parcs-et-sites-archeologiques","status":"publish","type":"post","link":"https:\/\/projetcefel.eu\/fr\/formation-cefel-pour-le-personnel-des-parcs-et-sites-archeologiques\/","title":{"rendered":"FORMATION CEFEL POUR LE PERSONNEL DES PARCS ET SITES ARCH\u00c9OLOGIQUES"},"content":{"rendered":"<p class=\"p1\">La formation professionnelle gratuite que CEFEL d\u00e9die au personnel des Parcs et Sites Arch\u00e9ologiques siciliens et tunisiens commence aujourd&rsquo;hui. Du 7 septembre au 14 novembre, le cours implique les participants dans trois modules consacr\u00e9s \u00e0 la gestion, \u00e0 la communication du patrimoine culturel et aux pratiques de protection et valorisation du patrimoine culturel et de construction de communaut\u00e9s conscientes. Pendant les cours, une \u00e9tude approfondie sera consacr\u00e9e \u00e0 l&rsquo;exp\u00e9rience vertueuse du Parc Arch\u00e9ologique et Paysager de la Vall\u00e9e des Temples d&rsquo;Agrigente, partenaire du projet CEFEL.<\/p>\n<p class=\"p1\">Les participants au parcours de formation professionnelle seront guid\u00e9s par professeures universitaires, gestionnaires de sites arch\u00e9ologiques et de mus\u00e9es, professionnels exp\u00e9riment\u00e9s.<\/p>\n<p class=\"p1\">L&rsquo;activit\u00e9 approfondie destin\u00e9e au personnel des organismes de gestion du patrimoine arch\u00e9ologique s&rsquo;accompagne aux cours que CEFEL d\u00e9die aux jeunes \u00e9tudiants et dipl\u00f4m\u00e9s et \u00e0 la formation pour les entreprises d\u00e9j\u00e0 actives dans l&rsquo;offre de biens et services li\u00e9s \u00e0 la mise en valeur du patrimoine culturel. L&rsquo;objectif est de d\u00e9velopper un mod\u00e8le d&rsquo;int\u00e9gration entre les entreprises siciliennes et tunisiennes actives dans le secteur du patrimoine culturel, les organismes de gestion des sites et le syst\u00e8me de formation professionnelle afin de faciliter la rencontre et d&rsquo;augmenter l&rsquo;impact \u00e9conomique et social du secteur.<\/p>\n<p class=\"p1\">Financ\u00e9 dans le cadre du Programme de coop\u00e9ration transfrontali\u00e8re ENI Italie-Tunisie 2014-2020, <span class=\"s1\"><b>CEFEL \u2013 Arch\u00e9ologie publique: Communaut\u00e9, \u00c9ducation, Formation, \u00c9conomie et Travail <\/b><\/span>favorise une approche syst\u00e9mique pour r\u00e9pondre aux besoins de bonne gestion du patrimoine arch\u00e9ologique, de d\u00e9veloppement de nouveaux professionnels et des opportunit\u00e9s d&#8217;emploi dans le domaine de l&rsquo;arch\u00e9ologie publique pour les jeunes italiens et tunisiens.<\/p>\n<p class=\"p8\">Promu et coordonn\u00e9 par Empedocle Consorzio Universitario di Agrigento, les partenaires de CEFEL sont le Parco Archeologico e Paesaggistico della Valle dei Templi di Agrigento, le Polo territoriale universitario della Provincia di Agrigento-Universit\u00e0 di Palermo, l&rsquo;Institut National du Patrimoine de Tunisie, le Agence de Mise en Valeur du Patrimoine et de Promotion Culturelle de Tunisie et l&rsquo;Institut Sup\u00e9rieur des M\u00e9tiers du Patrimoine de Tunisie.<\/p>\n<p class=\"p5\">Per aggiornamenti, consultare gli account social <a href=\"https:\/\/www.facebook.com\/projetCEFEL\"><span class=\"s3\">Facebook<\/span><\/a>, <a href=\"https:\/\/www.instagram.com\/projet.cefel\/\"><span class=\"s3\">Instagram<\/span><\/a>, <a href=\"https:\/\/www.linkedin.com\/company\/cefel-arch%25C3%25A9ologie-publique\"><span class=\"s3\">LinkedIn<\/span><\/a> e <a href=\"https:\/\/www.youtube.com\/channel\/UC5N5rzHUv8tfNSobDE0Vs-Q\"><span class=\"s3\">YouTube<\/span><\/a>.<\/p>\n<h6>Progetto cofinanziato dall\u2019Unione Europea Il presente documento \u00e8 stato realizzato grazie all&rsquo;aiuto finanziario dell&rsquo;Unione europea nell&rsquo;ambito del Programma ENI CT Italia \u2013 Tunisia 2014- 2020. Il contenuto del presente documento \u00e8 di esclusiva responsabilit\u00e0 del progetto CEFEL \u2013 Archeologia Pubblica e non pu\u00f2 in nessun caso essere considerato come riflesso della posizione dell&rsquo;Unione europea o della posizione delle strutture di gestione del Programma<\/h6>\n","protected":false},"excerpt":{"rendered":"<p>La formation professionnelle gratuite que CEFEL d\u00e9die au personnel des Parcs et Sites Arch\u00e9ologiques siciliens et tunisiens commence aujourd&rsquo;hui. Du 7 septembre au 14 novembre, le cours implique les participants dans trois modules consacr\u00e9s \u00e0 la gestion, \u00e0 la communication du patrimoine culturel et aux&#8230;<\/p>\n","protected":false},"author":1,"featured_media":0,"comment_status":"closed","ping_status":"closed","sticky":false,"template":"","format":"standard","meta":{"inline_featured_image":false},"categories":[10],"tags":[],"_links":{"self":[{"href":"https:\/\/projetcefel.eu\/fr\/wp-json\/wp\/v2\/posts\/1199"}],"collection":[{"href":"https:\/\/projetcefel.eu\/fr\/wp-json\/wp\/v2\/posts"}],"about":[{"href":"https:\/\/projetcefel.eu\/fr\/wp-json\/wp\/v2\/types\/post"}],"author":[{"embeddable":true,"href":"https:\/\/projetcefel.eu\/fr\/wp-json\/wp\/v2\/users\/1"}],"replies":[{"embeddable":true,"href":"https:\/\/projetcefel.eu\/fr\/wp-json\/wp\/v2\/comments?post=1199"}],"version-history":[{"count":1,"href":"https:\/\/projetcefel.eu\/fr\/wp-json\/wp\/v2\/posts\/1199\/revisions"}],"predecessor-version":[{"id":1201,"href":"https:\/\/projetcefel.eu\/fr\/wp-json\/wp\/v2\/posts\/1199\/revisions\/1201"}],"wp:attachment":[{"href":"https:\/\/projetcefel.eu\/fr\/wp-json\/wp\/v2\/media?parent=1199"}],"wp:term":[{"taxonomy":"category","embeddable":true,"href":"https:\/\/projetcefel.eu\/fr\/wp-json\/wp\/v2\/categories?post=1199"},{"taxonomy":"post_tag","embeddable":true,"href":"https:\/\/projetcefel.eu\/fr\/wp-json\/wp\/v2\/tags?post=1199"}],"curies":[{"name":"wp","href":"https:\/\/api.w.org\/{rel}","templated":true}]}}