{"id":1192,"date":"2022-09-07T11:50:50","date_gmt":"2022-09-07T09:50:50","guid":{"rendered":"https:\/\/projetcefel.eu\/?p=1192"},"modified":"2022-11-29T15:43:00","modified_gmt":"2022-11-29T14:43:00","slug":"cefel-avis-public-pour-la-naissance-dune-start-up-dans-le-secteur-du-patrimoine-culturel","status":"publish","type":"post","link":"https:\/\/projetcefel.eu\/fr\/cefel-avis-public-pour-la-naissance-dune-start-up-dans-le-secteur-du-patrimoine-culturel\/","title":{"rendered":"CEFEL \u2013 AVIS PUBLIC POUR LA NAISSANCE D&rsquo;UNE START-UP DANS LE SECTEUR DU PATRIMOINE CULTUREL"},"content":{"rendered":"<p class=\"p1\">Le Parc Arch\u00e9ologique et Paysager de la Vall\u00e9e des Temples, partenaire du Projet CEFEL, lance un appel \u00e0 la cr\u00e9ation d&rsquo;une start-up dans le secteur du patrimoine culturel. Peuvent participer \u00e0 la s\u00e9lection des groupes informels d&rsquo;aspirants entrepreneurs, compos\u00e9s d&rsquo;un maximum de 5 jeunes (minimum 18\/maximum 35 ans) n\u00e9s et r\u00e9sidant en Sicile ou en Tunisie, porteurs d&rsquo;une id\u00e9e d&rsquo;entreprise innovante pour la promotion et la valorisation du patrimoine arch\u00e9ologique et culturel. Au groupe informel s\u00e9lectionn\u00e9 ira une formation, un accompagnement juridique et strat\u00e9gique \u00e0 la cr\u00e9ation d&rsquo;entreprise et une contribution \u00e9conomique pour l&rsquo;implantation de la startup.<\/p>\n<p class=\"p1\">Toutes les informations sur le lien <a href=\"https:\/\/www.parcovalledeitempli.it\/bandi\/\">https:\/\/www.parcovalledeitempli.it\/bandi\/<\/a><\/p>\n<p class=\"p1\">Vous avez jusqu&rsquo;au 13 d\u00e9cembre minuit pour d\u00e9poser votre candidature.<\/p>\n<p class=\"p1\">Financ\u00e9 dans le cadre du Programme de coop\u00e9ration transfrontali\u00e8re ENI Italie-Tunisie 2014-2020, <span class=\"s1\"><b>CEFEL \u2013 Arch\u00e9ologie publique: Communaut\u00e9, \u00c9ducation, Formation, \u00c9conomie et Travail <\/b><\/span>favorise une approche syst\u00e9mique pour r\u00e9pondre aux besoins de bonne gestion du patrimoine arch\u00e9ologique, de d\u00e9veloppement de nouveaux professionnels et des opportunit\u00e9s d&#8217;emploi dans le domaine de l&rsquo;arch\u00e9ologie publique pour les jeunes italiens et tunisiens.<\/p>\n<p class=\"p8\">Promu et coordonn\u00e9 par Empedocle Consorzio Universitario di Agrigento, les partenaires de CEFEL sont le Parco Archeologico e Paesaggistico della Valle dei Templi di Agrigento, le Polo territoriale universitario della Provincia di Agrigento-Universit\u00e0 di Palermo, l&rsquo;Institut National du Patrimoine de Tunisie, le Agence de Mise en Valeur du Patrimoine et de Promotion Culturelle de Tunisie et l&rsquo;Institut Sup\u00e9rieur des M\u00e9tiers du Patrimoine de Tunisie.<\/p>\n<p class=\"p5\">Per aggiornamenti, consultare gli account social <a href=\"https:\/\/www.facebook.com\/projetCEFEL\"><span class=\"s3\">Facebook<\/span><\/a>, <a href=\"https:\/\/www.instagram.com\/projet.cefel\/\"><span class=\"s3\">Instagram<\/span><\/a>, <a href=\"https:\/\/www.linkedin.com\/company\/cefel-arch%25C3%25A9ologie-publique\"><span class=\"s3\">LinkedIn<\/span><\/a> e <a href=\"https:\/\/www.youtube.com\/channel\/UC5N5rzHUv8tfNSobDE0Vs-Q\"><span class=\"s3\">YouTube<\/span><\/a>.<\/p>\n<h6>Progetto cofinanziato dall\u2019Unione Europea Il presente documento \u00e8 stato realizzato grazie all&rsquo;aiuto finanziario dell&rsquo;Unione europea nell&rsquo;ambito del Programma ENI CT Italia \u2013 Tunisia 2014- 2020. Il contenuto del presente documento \u00e8 di esclusiva responsabilit\u00e0 del progetto CEFEL \u2013 Archeologia Pubblica e non pu\u00f2 in nessun caso essere considerato come riflesso della posizione dell&rsquo;Unione europea o della posizione delle strutture di gestione del Programma<\/h6>\n","protected":false},"excerpt":{"rendered":"<p>Le Parc Arch\u00e9ologique et Paysager de la Vall\u00e9e des Temples, partenaire du Projet CEFEL, lance un appel \u00e0 la cr\u00e9ation d&rsquo;une start-up dans le secteur du patrimoine culturel. Peuvent participer \u00e0 la s\u00e9lection des groupes informels d&rsquo;aspirants entrepreneurs, compos\u00e9s d&rsquo;un maximum de 5 jeunes (minimum&#8230;<\/p>\n","protected":false},"author":1,"featured_media":0,"comment_status":"closed","ping_status":"closed","sticky":false,"template":"","format":"standard","meta":{"inline_featured_image":false},"categories":[10],"tags":[],"_links":{"self":[{"href":"https:\/\/projetcefel.eu\/fr\/wp-json\/wp\/v2\/posts\/1192"}],"collection":[{"href":"https:\/\/projetcefel.eu\/fr\/wp-json\/wp\/v2\/posts"}],"about":[{"href":"https:\/\/projetcefel.eu\/fr\/wp-json\/wp\/v2\/types\/post"}],"author":[{"embeddable":true,"href":"https:\/\/projetcefel.eu\/fr\/wp-json\/wp\/v2\/users\/1"}],"replies":[{"embeddable":true,"href":"https:\/\/projetcefel.eu\/fr\/wp-json\/wp\/v2\/comments?post=1192"}],"version-history":[{"count":2,"href":"https:\/\/projetcefel.eu\/fr\/wp-json\/wp\/v2\/posts\/1192\/revisions"}],"predecessor-version":[{"id":1200,"href":"https:\/\/projetcefel.eu\/fr\/wp-json\/wp\/v2\/posts\/1192\/revisions\/1200"}],"wp:attachment":[{"href":"https:\/\/projetcefel.eu\/fr\/wp-json\/wp\/v2\/media?parent=1192"}],"wp:term":[{"taxonomy":"category","embeddable":true,"href":"https:\/\/projetcefel.eu\/fr\/wp-json\/wp\/v2\/categories?post=1192"},{"taxonomy":"post_tag","embeddable":true,"href":"https:\/\/projetcefel.eu\/fr\/wp-json\/wp\/v2\/tags?post=1192"}],"curies":[{"name":"wp","href":"https:\/\/api.w.org\/{rel}","templated":true}]}}