{"id":1188,"date":"2022-09-06T20:12:02","date_gmt":"2022-09-06T18:12:02","guid":{"rendered":"https:\/\/projetcefel.eu\/?p=1188"},"modified":"2022-09-06T20:12:02","modified_gmt":"2022-09-06T18:12:02","slug":"avec-cefel-en-tunisie-pour-la-formation-professionnelle","status":"publish","type":"post","link":"https:\/\/projetcefel.eu\/fr\/avec-cefel-en-tunisie-pour-la-formation-professionnelle\/","title":{"rendered":"AVEC CEFEL, EN TUNISIE POUR LA FORMATION PROFESSIONNELLE"},"content":{"rendered":"<p class=\"p1\">Nouveau rendez-vous pour les \u00e9tudiants CEFEL : sept jours en Tunisie pour une formation de terrain dans les sites arch\u00e9ologiques de Carpis, Carthage, N\u00e9apolis, Kerkouane, Thuburbo Majus et la cit\u00e9 romaine de Pupput. Apr\u00e8s l&rsquo;exp\u00e9rience d&rsquo;Agrigente, du 9 au 17 septembre les jeunes Italiens et Tunisiens se r\u00e9unissent pour de nouvelles activit\u00e9s de formation et de pratique sous la direction d&rsquo;enseignants et d&rsquo;experts de diverses disciplines s\u00e9lectionn\u00e9s par CEFEL.<\/p>\n<p class=\"p1\">Outre l&rsquo;\u00e9tude de terrain du patrimoine arch\u00e9ologique, le programme comprend une \u00e9tude approfondie au Mus\u00e9e de Sousse, des rencontres th\u00e9matiques consacr\u00e9es aux bonnes pratiques de valorisation et de communication du patrimoine culturel, des laboratoires de restauration et d&rsquo;informatique appliqu\u00e9e, des conf\u00e9rences.<\/p>\n<p class=\"p1\">L&rsquo;exp\u00e9rience de terrain en Tunisie fait partie du programme de formation professionnelle que<span class=\"Apple-converted-space\">\u00a0 <\/span>CEFEL d\u00e9die aux jeunes \u00e9tudiants pour le d\u00e9veloppement de comp\u00e9tences et de professionnalisme r\u00e9pondant aux besoins des organismes gestionnaires de sites arch\u00e9ologiques et des entreprises op\u00e9rant dans le secteur du patrimoine culturel, souvent \u00e0 la recherche de professionnels sp\u00e9cialis\u00e9s pour le d\u00e9veloppement de produits et services innovants dans le domaine de l&rsquo;arch\u00e9ologie publique.<\/p>\n<p class=\"p1\">Financ\u00e9 dans le cadre du Programme de coop\u00e9ration transfrontali\u00e8re ENI Italie-Tunisie 2014-2020, <span class=\"s1\"><b>CEFEL \u2013 Arch\u00e9ologie publique: Communaut\u00e9, \u00c9ducation, Formation, \u00c9conomie et Travail <\/b><\/span>favorise une approche syst\u00e9mique pour r\u00e9pondre aux besoins de bonne gestion du patrimoine arch\u00e9ologique, de d\u00e9veloppement de nouveaux professionnels et des opportunit\u00e9s d&#8217;emploi dans le domaine de l&rsquo;arch\u00e9ologie publique pour les jeunes italiens et tunisiens.<\/p>\n<p class=\"p8\">Promu et coordonn\u00e9 par Empedocle Consorzio Universitario di Agrigento, les partenaires de CEFEL sont le Parco Archeologico e Paesaggistico della Valle dei Templi di Agrigento, le Polo territoriale universitario della Provincia di Agrigento-Universit\u00e0 di Palermo, l&rsquo;Institut National du Patrimoine de Tunisie, le Agence de Mise en Valeur du Patrimoine et de Promotion Culturelle de Tunisie et l&rsquo;Institut Sup\u00e9rieur des M\u00e9tiers du Patrimoine de Tunisie.<\/p>\n<p class=\"p5\">Per aggiornamenti, consultare gli account social <a href=\"https:\/\/www.facebook.com\/projetCEFEL\"><span class=\"s3\">Facebook<\/span><\/a>, <a href=\"https:\/\/www.instagram.com\/projet.cefel\/\"><span class=\"s3\">Instagram<\/span><\/a>, <a href=\"https:\/\/www.linkedin.com\/company\/cefel-arch%25C3%25A9ologie-publique\"><span class=\"s3\">LinkedIn<\/span><\/a> e <a href=\"https:\/\/www.youtube.com\/channel\/UC5N5rzHUv8tfNSobDE0Vs-Q\"><span class=\"s3\">YouTube<\/span><\/a>.<\/p>\n<h6>Progetto cofinanziato dall\u2019Unione Europea Il presente documento \u00e8 stato realizzato grazie all&rsquo;aiuto finanziario dell&rsquo;Unione europea nell&rsquo;ambito del Programma ENI CT Italia \u2013 Tunisia 2014- 2020. Il contenuto del presente documento \u00e8 di esclusiva responsabilit\u00e0 del progetto CEFEL \u2013 Archeologia Pubblica e non pu\u00f2 in nessun caso essere considerato come riflesso della posizione dell&rsquo;Unione europea o della posizione delle strutture di gestione del Programma<\/h6>\n","protected":false},"excerpt":{"rendered":"<p>Nouveau rendez-vous pour les \u00e9tudiants CEFEL : sept jours en Tunisie pour une formation de terrain dans les sites arch\u00e9ologiques de Carpis, Carthage, N\u00e9apolis, Kerkouane, Thuburbo Majus et la cit\u00e9 romaine de Pupput. Apr\u00e8s l&rsquo;exp\u00e9rience d&rsquo;Agrigente, du 9 au 17 septembre les jeunes Italiens et&#8230;<\/p>\n","protected":false},"author":1,"featured_media":0,"comment_status":"closed","ping_status":"closed","sticky":false,"template":"","format":"standard","meta":{"inline_featured_image":false},"categories":[10],"tags":[],"_links":{"self":[{"href":"https:\/\/projetcefel.eu\/fr\/wp-json\/wp\/v2\/posts\/1188"}],"collection":[{"href":"https:\/\/projetcefel.eu\/fr\/wp-json\/wp\/v2\/posts"}],"about":[{"href":"https:\/\/projetcefel.eu\/fr\/wp-json\/wp\/v2\/types\/post"}],"author":[{"embeddable":true,"href":"https:\/\/projetcefel.eu\/fr\/wp-json\/wp\/v2\/users\/1"}],"replies":[{"embeddable":true,"href":"https:\/\/projetcefel.eu\/fr\/wp-json\/wp\/v2\/comments?post=1188"}],"version-history":[{"count":1,"href":"https:\/\/projetcefel.eu\/fr\/wp-json\/wp\/v2\/posts\/1188\/revisions"}],"predecessor-version":[{"id":1189,"href":"https:\/\/projetcefel.eu\/fr\/wp-json\/wp\/v2\/posts\/1188\/revisions\/1189"}],"wp:attachment":[{"href":"https:\/\/projetcefel.eu\/fr\/wp-json\/wp\/v2\/media?parent=1188"}],"wp:term":[{"taxonomy":"category","embeddable":true,"href":"https:\/\/projetcefel.eu\/fr\/wp-json\/wp\/v2\/categories?post=1188"},{"taxonomy":"post_tag","embeddable":true,"href":"https:\/\/projetcefel.eu\/fr\/wp-json\/wp\/v2\/tags?post=1188"}],"curies":[{"name":"wp","href":"https:\/\/api.w.org\/{rel}","templated":true}]}}