{"id":1142,"date":"2022-07-18T15:36:12","date_gmt":"2022-07-18T13:36:12","guid":{"rendered":"https:\/\/projetcefel.eu\/?p=1142"},"modified":"2022-07-18T15:38:37","modified_gmt":"2022-07-18T13:38:37","slug":"a-agrigente-lexperimentation-de-cefel","status":"publish","type":"post","link":"https:\/\/projetcefel.eu\/fr\/a-agrigente-lexperimentation-de-cefel\/","title":{"rendered":"\u00c0 AGRIGENTE L\u2019EXP\u00c9RIMENTATION DE CEFEL"},"content":{"rendered":"<p class=\"p1\">La phase d&rsquo;exp\u00e9rimentation pour les \u00e9tudiants des trois formations du projet CEFEL &#8211; Arch\u00e9ologie publique va d\u00e9buter. Du 19 au 27 juillet, les jeunes Italiens et Tunisiens se retrouvent \u00e0 Agrigente pour partager des moments de formation et de pratique, soutenus et guid\u00e9s par des enseignants et des experts de diff\u00e9rentes disciplines.<\/p>\n<p class=\"p1\">Des visites des sites de la Vall\u00e9e des Temples et d&rsquo;Eraclea Minoa aux ateliers th\u00e9matiques, des s\u00e9ances en classe aux \u00e9tudes approfondies au Museo Regionale Archeologico \u00ab\u00a0Pietro Griffo\u00a0\u00bb d&rsquo;Agrigente, en passant par les soir\u00e9es de cin\u00e9ma arch\u00e9ologique, les \u00e9tudiants seront impliqu\u00e9s dans une gamme d\u2019activit\u00e9s con\u00e7ues pour le d\u00e9veloppement des comp\u00e9tences qui r\u00e9pondent aux besoins des organismes de gestion des sites arch\u00e9ologiques et des entreprises op\u00e9rant dans le secteur du patrimoine culturel, souvent \u00e0 la recherche de professionnels sp\u00e9cialis\u00e9s pour le d\u00e9veloppement de produits et services innovants dans le domaine de l&rsquo;arch\u00e9ologie publique.<\/p>\n<p class=\"p1\">Le projet CEFEL, cofinanc\u00e9 par l&rsquo;Union europ\u00e9enne dans le cadre du programme IEV de coop\u00e9ration transfrontali\u00e8re Italie-Tunisie 2014-2020, promeut la coop\u00e9ration entre la Sicile et la Tunisie dans le domaine du patrimoine culturel en favorisant la cr\u00e9ation de programmes de formation communs et le d\u00e9veloppement d\u2019une offre de travail sp\u00e9cialis\u00e9 qui peut \u00eatre d\u00e9pens\u00e9 dans les deux territoires.<\/p>\n<p class=\"p8\">Promu et coordonn\u00e9 par Empedocle Consorzio Universitario di Agrigento, les partenaires de CEFEL sont le Parco Archeologico e Paesaggistico della Valle dei Templi di Agrigento, le Polo territoriale universitario della Provincia di Agrigento-Universit\u00e0 di Palermo, l&rsquo;Institut National du Patrimoine de Tunisie, le Agence de Mise en Valeur du Patrimoine et de Promotion Culturelle de Tunisie et l&rsquo;Institut Sup\u00e9rieur des M\u00e9tiers du Patrimoine de Tunisie.<\/p>\n<p class=\"p5\">Per aggiornamenti, consultare gli account social <a href=\"https:\/\/www.facebook.com\/projetCEFEL\"><span class=\"s3\">Facebook<\/span><\/a>, <a href=\"https:\/\/www.instagram.com\/projet.cefel\/\"><span class=\"s3\">Instagram<\/span><\/a>, <a href=\"https:\/\/www.linkedin.com\/company\/cefel-arch%25C3%25A9ologie-publique\"><span class=\"s3\">LinkedIn<\/span><\/a> e <a href=\"https:\/\/www.youtube.com\/channel\/UC5N5rzHUv8tfNSobDE0Vs-Q\"><span class=\"s3\">YouTube<\/span><\/a>.<\/p>\n<h6>Progetto cofinanziato dall\u2019Unione Europea Il presente documento \u00e8 stato realizzato grazie all&rsquo;aiuto finanziario dell&rsquo;Unione europea nell&rsquo;ambito del Programma ENI CT Italia \u2013 Tunisia 2014- 2020. Il contenuto del presente documento \u00e8 di esclusiva responsabilit\u00e0 del progetto CEFEL \u2013 Archeologia Pubblica e non pu\u00f2 in nessun caso essere considerato come riflesso della posizione dell&rsquo;Unione europea o della posizione delle strutture di gestione del Programma<\/h6>\n","protected":false},"excerpt":{"rendered":"<p>La phase d&rsquo;exp\u00e9rimentation pour les \u00e9tudiants des trois formations du projet CEFEL &#8211; Arch\u00e9ologie publique va d\u00e9buter. Du 19 au 27 juillet, les jeunes Italiens et Tunisiens se retrouvent \u00e0 Agrigente pour partager des moments de formation et de pratique, soutenus et guid\u00e9s par des&#8230;<\/p>\n","protected":false},"author":1,"featured_media":0,"comment_status":"closed","ping_status":"closed","sticky":false,"template":"","format":"standard","meta":{"inline_featured_image":false},"categories":[10],"tags":[],"_links":{"self":[{"href":"https:\/\/projetcefel.eu\/fr\/wp-json\/wp\/v2\/posts\/1142"}],"collection":[{"href":"https:\/\/projetcefel.eu\/fr\/wp-json\/wp\/v2\/posts"}],"about":[{"href":"https:\/\/projetcefel.eu\/fr\/wp-json\/wp\/v2\/types\/post"}],"author":[{"embeddable":true,"href":"https:\/\/projetcefel.eu\/fr\/wp-json\/wp\/v2\/users\/1"}],"replies":[{"embeddable":true,"href":"https:\/\/projetcefel.eu\/fr\/wp-json\/wp\/v2\/comments?post=1142"}],"version-history":[{"count":2,"href":"https:\/\/projetcefel.eu\/fr\/wp-json\/wp\/v2\/posts\/1142\/revisions"}],"predecessor-version":[{"id":1153,"href":"https:\/\/projetcefel.eu\/fr\/wp-json\/wp\/v2\/posts\/1142\/revisions\/1153"}],"wp:attachment":[{"href":"https:\/\/projetcefel.eu\/fr\/wp-json\/wp\/v2\/media?parent=1142"}],"wp:term":[{"taxonomy":"category","embeddable":true,"href":"https:\/\/projetcefel.eu\/fr\/wp-json\/wp\/v2\/categories?post=1142"},{"taxonomy":"post_tag","embeddable":true,"href":"https:\/\/projetcefel.eu\/fr\/wp-json\/wp\/v2\/tags?post=1142"}],"curies":[{"name":"wp","href":"https:\/\/api.w.org\/{rel}","templated":true}]}}