{"id":1027,"date":"2022-06-24T19:59:31","date_gmt":"2022-06-24T17:59:31","guid":{"rendered":"https:\/\/projetcefel.eu\/?p=1027"},"modified":"2022-06-28T20:02:02","modified_gmt":"2022-06-28T18:02:02","slug":"professeurs-pour-cefel","status":"publish","type":"post","link":"https:\/\/projetcefel.eu\/fr\/professeurs-pour-cefel\/","title":{"rendered":"PROFESSEURS POUR CEFEL"},"content":{"rendered":"<p class=\"p1\">Nouvel avis publique du projet <span class=\"s1\"><b>CEFEL &#8211; Arch\u00e9ologie publique<\/b><\/span>, une cooperation Italie\/Tunisie pour la valorisation du patrimoine arch\u00e9ologique par le d\u00e9veloppement de nouveaux professionnels et synergies. Le P\u00f4le Territorial Universitaire d&rsquo;Agrigente l&rsquo;a publi\u00e9 au Registre Officiel de l&rsquo;Universit\u00e9 de Palerme.<\/p>\n<p class=\"p1\">Quatre professionnels sont \u00e0 s\u00e9lectionner, pour autant d&rsquo;activit\u00e9s p\u00e9dagogiques d\u00e9di\u00e9es aux \u00e9tudiants s\u00e9lectionn\u00e9s par CEFEL et engag\u00e9s dans la phase d&rsquo;exp\u00e9rimentation:<\/p>\n<p class=\"p1\">&#8211; diagnostics du patrimoine culturel;<\/p>\n<p class=\"p1\">&#8211; techniques non invasives de diagnostic dans les sites arch\u00e9ologiques: physique appliqu\u00e9e;<\/p>\n<p class=\"p1\">&#8211; le paysage v\u00e9g\u00e9tal m\u00e9diterran\u00e9en;<\/p>\n<p class=\"p1\">&#8211; mosa\u00efques, peintures murales, mat\u00e9riaux pierreux: ph\u00e9nom\u00e8nes de d\u00e9gradation et protocoles innovants de diagnostic et de restauration.<\/p>\n<p class=\"p1\">Les candidatures doivent \u00eatre envoy\u00e9es entre le 12 Juillet 2022 de la mani\u00e8re indiqu\u00e9e dans l&rsquo;avis public, disponible sur le lien <a href=\"https:\/\/www.unipa.it\/albo.html\"><span class=\"s2\">https:\/\/www.unipa.it\/albo.html<\/span><\/a> (publication n\u00b0 1927).<\/p>\n<p class=\"p1\">Financ\u00e9 dans le cadre du Programme de coop\u00e9ration transfrontali\u00e8re ENI Italie-Tunisie 2014-2020, <span class=\"s1\"><b>CEFEL \u2013 Arch\u00e9ologie publique: Communaut\u00e9, \u00c9ducation, Formation, \u00c9conomie et Travail <\/b><\/span>favorise une approche syst\u00e9mique pour r\u00e9pondre aux besoins de bonne gestion du patrimoine arch\u00e9ologique, de d\u00e9veloppement de nouveaux professionnels et des opportunit\u00e9s d&#8217;emploi dans le domaine de l&rsquo;arch\u00e9ologie publique pour les jeunes italiens et tunisiens.<\/p>\n<p class=\"p8\">Promu et coordonn\u00e9 par Empedocle Consorzio Universitario di Agrigento, les partenaires de CEFEL sont le Parco Archeologico e Paesaggistico della Valle dei Templi di Agrigento, le Polo territoriale universitario della Provincia di Agrigento-Universit\u00e0 di Palermo, l&rsquo;Institut National du Patrimoine de Tunisie, le Agence de Mise en Valeur du Patrimoine et de Promotion Culturelle de Tunisie et l&rsquo;Institut Sup\u00e9rieur des M\u00e9tiers du Patrimoine de Tunisie.<\/p>\n<p class=\"p5\">Per aggiornamenti, consultare gli account social <a href=\"https:\/\/www.facebook.com\/projetCEFEL\"><span class=\"s3\">Facebook<\/span><\/a>, <a href=\"https:\/\/www.instagram.com\/projet.cefel\/\"><span class=\"s3\">Instagram<\/span><\/a>, <a href=\"https:\/\/www.linkedin.com\/company\/cefel-arch%25C3%25A9ologie-publique\"><span class=\"s3\">LinkedIn<\/span><\/a> e <a href=\"https:\/\/www.youtube.com\/channel\/UC5N5rzHUv8tfNSobDE0Vs-Q\"><span class=\"s3\">YouTube<\/span><\/a>.<\/p>\n<h6>Progetto cofinanziato dall\u2019Unione Europea Il presente documento \u00e8 stato realizzato grazie all&rsquo;aiuto finanziario dell&rsquo;Unione europea nell&rsquo;ambito del Programma ENI CT Italia \u2013 Tunisia 2014- 2020. Il contenuto del presente documento \u00e8 di esclusiva responsabilit\u00e0 del progetto CEFEL \u2013 Archeologia Pubblica e non pu\u00f2 in nessun caso essere considerato come riflesso della posizione dell&rsquo;Unione europea o della posizione delle strutture di gestione del Programma<\/h6>\n","protected":false},"excerpt":{"rendered":"<p>Nouvel avis publique du projet CEFEL &#8211; Arch\u00e9ologie publique, une cooperation Italie\/Tunisie pour la valorisation du patrimoine arch\u00e9ologique par le d\u00e9veloppement de nouveaux professionnels et synergies. Le P\u00f4le Territorial Universitaire d&rsquo;Agrigente l&rsquo;a publi\u00e9 au Registre Officiel de l&rsquo;Universit\u00e9 de Palerme. Quatre professionnels sont \u00e0 s\u00e9lectionner,&#8230;<\/p>\n","protected":false},"author":1,"featured_media":0,"comment_status":"closed","ping_status":"closed","sticky":false,"template":"","format":"standard","meta":{"inline_featured_image":false},"categories":[10],"tags":[],"_links":{"self":[{"href":"https:\/\/projetcefel.eu\/fr\/wp-json\/wp\/v2\/posts\/1027"}],"collection":[{"href":"https:\/\/projetcefel.eu\/fr\/wp-json\/wp\/v2\/posts"}],"about":[{"href":"https:\/\/projetcefel.eu\/fr\/wp-json\/wp\/v2\/types\/post"}],"author":[{"embeddable":true,"href":"https:\/\/projetcefel.eu\/fr\/wp-json\/wp\/v2\/users\/1"}],"replies":[{"embeddable":true,"href":"https:\/\/projetcefel.eu\/fr\/wp-json\/wp\/v2\/comments?post=1027"}],"version-history":[{"count":1,"href":"https:\/\/projetcefel.eu\/fr\/wp-json\/wp\/v2\/posts\/1027\/revisions"}],"predecessor-version":[{"id":1028,"href":"https:\/\/projetcefel.eu\/fr\/wp-json\/wp\/v2\/posts\/1027\/revisions\/1028"}],"wp:attachment":[{"href":"https:\/\/projetcefel.eu\/fr\/wp-json\/wp\/v2\/media?parent=1027"}],"wp:term":[{"taxonomy":"category","embeddable":true,"href":"https:\/\/projetcefel.eu\/fr\/wp-json\/wp\/v2\/categories?post=1027"},{"taxonomy":"post_tag","embeddable":true,"href":"https:\/\/projetcefel.eu\/fr\/wp-json\/wp\/v2\/tags?post=1027"}],"curies":[{"name":"wp","href":"https:\/\/api.w.org\/{rel}","templated":true}]}}